{"id":266786,"date":"2025-07-23T00:03:11","date_gmt":"2025-07-23T00:03:11","guid":{"rendered":"https:\/\/www.europesays.com\/fr\/266786\/"},"modified":"2025-07-23T00:03:11","modified_gmt":"2025-07-23T00:03:11","slug":"previsions-du-mercredi-23-juillet-2025-6","status":"publish","type":"post","link":"https:\/\/www.europesays.com\/fr\/266786\/","title":{"rendered":"pr\u00e9visions du mercredi 23 juillet 2025"},"content":{"rendered":"<p>C&rsquo;est sous un ciel maussade que va se d\u00e9rouler la journ\u00e9e. Les nuages perdurent sur Bordeaux. Des pluies \u00e9parses vont tomber sur la ville. Les temp\u00e9ratures seront comprises entre 16 et 26\u00b0C. Un l\u00e9ger vent de sud-ouest soufflera au cours de la matin\u00e9e. L&rsquo;apr\u00e8s-midi va rester gris \u00e0 cause de nuages qui persistent dans le ciel. En revanche, les temp\u00e9ratures vont monter de quelques degr\u00e9s. Les valeurs afficheront entre 23\u00b0C et 26\u00b0C. Un vent d&rsquo;ouest soufflera \u00e0 23 km\/h. La grisaille ne se disperse toujours pas, il va y avoir encore des nuages le soir. Le temps sera ponctu\u00e9 par des pluies \u00e9parses. C&rsquo;est un ciel d\u00e9pourvu de nuages que conna\u00eetra la nuit de mercredi \u00e0 jeudi.<\/p>\n<p>\u00c0 Bordeaux les temp\u00e9ratures s&rsquo;\u00e9chelonneront entre 14 et 27\u00b0C demain. Une l\u00e9g\u00e8re brise de nord-ouest sera ressentie par les habitants. Le matin, toujours des nuages dans le ciel qui emp\u00eachent le soleil d&rsquo;appara\u00eetre. Des pluies \u00e9parses vont tomber. Le ciel va s&rsquo;\u00e9claircir au cours de l&rsquo;apr\u00e8s-midi. Les temp\u00e9ratures vont conna\u00eetre une hausse de plusieurs degr\u00e9s. Les valeurs s&rsquo;\u00e9chelonneront de 24 \u00e0 27\u00b0C. Il va faire en moyenne 20\u00b0C, demain soir.<\/p>\n<p>Pour les jours suivants, la m\u00e9t\u00e9o ne changera pas. Des temp\u00e9ratures dans les 29\u00b0C iront de pair avec un ciel ensoleill\u00e9.<\/p>\n<p><\/p>\n","protected":false},"excerpt":{"rendered":"C&rsquo;est sous un ciel maussade que va se d\u00e9rouler la journ\u00e9e. Les nuages perdurent sur Bordeaux. Des pluies&hellip;\n","protected":false},"author":2,"featured_media":266787,"comment_status":"","ping_status":"","sticky":false,"template":"","format":"standard","meta":{"footnotes":""},"categories":[2817],"tags":[1111,11,3177,1997,1777,674,1011,27,2905,12,2219,2119,25],"class_list":{"0":"post-266786","1":"post","2":"type-post","3":"status-publish","4":"format-standard","5":"has-post-thumbnail","7":"category-bordeaux","8":"tag-actu","9":"tag-actualites","10":"tag-aquitaine","11":"tag-bordeaux","12":"tag-eu","13":"tag-europe","14":"tag-fr","15":"tag-france","16":"tag-gironde","17":"tag-news","18":"tag-nouvelle-aquitaine","19":"tag-previsions-meteo","20":"tag-republique-francaise"},"share_on_mastodon":{"url":"https:\/\/pubeurope.com\/@fr\/114899622550956774","error":""},"_links":{"self":[{"href":"https:\/\/www.europesays.com\/fr\/wp-json\/wp\/v2\/posts\/266786","targetHints":{"allow":["GET"]}}],"collection":[{"href":"https:\/\/www.europesays.com\/fr\/wp-json\/wp\/v2\/posts"}],"about":[{"href":"https:\/\/www.europesays.com\/fr\/wp-json\/wp\/v2\/types\/post"}],"author":[{"embeddable":true,"href":"https:\/\/www.europesays.com\/fr\/wp-json\/wp\/v2\/users\/2"}],"replies":[{"embeddable":true,"href":"https:\/\/www.europesays.com\/fr\/wp-json\/wp\/v2\/comments?post=266786"}],"version-history":[{"count":0,"href":"https:\/\/www.europesays.com\/fr\/wp-json\/wp\/v2\/posts\/266786\/revisions"}],"wp:featuredmedia":[{"embeddable":true,"href":"https:\/\/www.europesays.com\/fr\/wp-json\/wp\/v2\/media\/266787"}],"wp:attachment":[{"href":"https:\/\/www.europesays.com\/fr\/wp-json\/wp\/v2\/media?parent=266786"}],"wp:term":[{"taxonomy":"category","embeddable":true,"href":"https:\/\/www.europesays.com\/fr\/wp-json\/wp\/v2\/categories?post=266786"},{"taxonomy":"post_tag","embeddable":true,"href":"https:\/\/www.europesays.com\/fr\/wp-json\/wp\/v2\/tags?post=266786"}],"curies":[{"name":"wp","href":"https:\/\/api.w.org\/{rel}","templated":true}]}}