{"id":266794,"date":"2025-07-23T00:07:10","date_gmt":"2025-07-23T00:07:10","guid":{"rendered":"https:\/\/www.europesays.com\/fr\/266794\/"},"modified":"2025-07-23T00:07:10","modified_gmt":"2025-07-23T00:07:10","slug":"previsions-du-mercredi-23-juillet-2025-7","status":"publish","type":"post","link":"https:\/\/www.europesays.com\/fr\/266794\/","title":{"rendered":"pr\u00e9visions du mercredi 23 juillet 2025"},"content":{"rendered":"<p>La grisaille ne se disperse toujours pas, il va y avoir encore des nuages aujourd&rsquo;hui. Des pluies \u00e9parses tomberont sur Lille. Le mercure affichera 19\u00b0C en moyenne. Une brise de sud-ouest soufflera doucement dans la matin\u00e9e. Le soleil aura du mal \u00e0 percer au milieu des nuages qui perdureront dans l&rsquo;apr\u00e8s-midi. Les temp\u00e9ratures seront comprises entre 22\u00b0C et 23\u00b0C. Les nuages \u00e0 pr\u00e9voir le soir, et un ciel encore maussade. Des pluies \u00e9parses vont tomber sur la ville. Il fera en moyenne 19\u00b0C. Durant la nuit de mercredi \u00e0 jeudi, le ciel sera clair.<\/p>\n<p>Une chute des temp\u00e9ratures est pr\u00e9vue \u00e0 Lille, demain. Il va faire 18\u00b0C en moyenne. Un vent de nord-ouest rafra\u00eechira quelque peu l&rsquo;atmosph\u00e8re. Le matin, on sera sous un ciel bien gris, couvert de nuages. Des averses sont \u00e0 pr\u00e9voir. La ville sera de temps en temps sous la pluie. On notera la pr\u00e9sence persistante de nuages demain apr\u00e8s-midi. Des pluies \u00e9parses vont tomber. Les valeurs afficheront entre 20 et 21\u00b0C. Demain soir, encore des nuages dans le ciel qui emp\u00eachent le soleil d&rsquo;appara\u00eetre. Il faudra emporter son parapluie pour s&rsquo;abriter des pluies \u00e9parses.<\/p>\n<p>Les jours suivants s&rsquo;annoncent similaires. Il fera 25\u00b0C en moyenne pour des journ\u00e9es avec un temps pluvieux.<\/p>\n<p><\/p>\n","protected":false},"excerpt":{"rendered":"La grisaille ne se disperse toujours pas, il va y avoir encore des nuages aujourd&rsquo;hui. Des pluies \u00e9parses&hellip;\n","protected":false},"author":2,"featured_media":266795,"comment_status":"","ping_status":"","sticky":false,"template":"","format":"standard","meta":{"footnotes":""},"categories":[2815],"tags":[1111,11,1777,674,1011,27,811,1307,12,1308,1309,2119,25],"class_list":{"0":"post-266794","1":"post","2":"type-post","3":"status-publish","4":"format-standard","5":"has-post-thumbnail","7":"category-lille","8":"tag-actu","9":"tag-actualites","10":"tag-eu","11":"tag-europe","12":"tag-fr","13":"tag-france","14":"tag-hauts-de-france","15":"tag-lille","16":"tag-news","17":"tag-nord","18":"tag-nord-pas-de-calais","19":"tag-previsions-meteo","20":"tag-republique-francaise"},"share_on_mastodon":{"url":"https:\/\/pubeurope.com\/@fr\/114899638270349047","error":""},"_links":{"self":[{"href":"https:\/\/www.europesays.com\/fr\/wp-json\/wp\/v2\/posts\/266794","targetHints":{"allow":["GET"]}}],"collection":[{"href":"https:\/\/www.europesays.com\/fr\/wp-json\/wp\/v2\/posts"}],"about":[{"href":"https:\/\/www.europesays.com\/fr\/wp-json\/wp\/v2\/types\/post"}],"author":[{"embeddable":true,"href":"https:\/\/www.europesays.com\/fr\/wp-json\/wp\/v2\/users\/2"}],"replies":[{"embeddable":true,"href":"https:\/\/www.europesays.com\/fr\/wp-json\/wp\/v2\/comments?post=266794"}],"version-history":[{"count":0,"href":"https:\/\/www.europesays.com\/fr\/wp-json\/wp\/v2\/posts\/266794\/revisions"}],"wp:featuredmedia":[{"embeddable":true,"href":"https:\/\/www.europesays.com\/fr\/wp-json\/wp\/v2\/media\/266795"}],"wp:attachment":[{"href":"https:\/\/www.europesays.com\/fr\/wp-json\/wp\/v2\/media?parent=266794"}],"wp:term":[{"taxonomy":"category","embeddable":true,"href":"https:\/\/www.europesays.com\/fr\/wp-json\/wp\/v2\/categories?post=266794"},{"taxonomy":"post_tag","embeddable":true,"href":"https:\/\/www.europesays.com\/fr\/wp-json\/wp\/v2\/tags?post=266794"}],"curies":[{"name":"wp","href":"https:\/\/api.w.org\/{rel}","templated":true}]}}