{"id":266798,"date":"2025-07-23T00:09:09","date_gmt":"2025-07-23T00:09:09","guid":{"rendered":"https:\/\/www.europesays.com\/fr\/266798\/"},"modified":"2025-07-23T00:09:09","modified_gmt":"2025-07-23T00:09:09","slug":"previsions-du-mercredi-23-juillet-2025-8","status":"publish","type":"post","link":"https:\/\/www.europesays.com\/fr\/266798\/","title":{"rendered":"pr\u00e9visions du mercredi 23 juillet 2025"},"content":{"rendered":"<p>La journ\u00e9e de Marseille sera caract\u00e9ris\u00e9e par le d\u00e9veloppement de nuages dans le ciel. Il va faire 25\u00b0C en moyenne. En revanche, le matin, un grand soleil rayonnera. Les maximales pourront atteindre 28\u00b0C et les minimales seront de 24\u00b0C : c&rsquo;est donc un bel \u00e9t\u00e9. Un vent de nord-ouest soufflera doucement. L&rsquo;apr\u00e8s-midi, c&rsquo;est sur un ciel couvert de nuages qu&rsquo;il faudra compter. Il faudra pr\u00e9voir des perturbations, les Marseillais se retrouveront sous des pluies \u00e9parses. Il va faire chaud avec des valeurs qui s&rsquo;\u00e9chelonneront entre 25 et 27\u00b0C. Le soir, le temps sera ponctu\u00e9 par des pluies \u00e9parses. On pr\u00e9voit une nuit claire entre mercredi et jeudi.<\/p>\n<p>Demain, les Marseillais comme les vacanciers vont pouvoir profiter d&rsquo;un soleil radieux. Le mercure va chuter de quelques degr\u00e9s. On anticipe des temp\u00e9ratures avoisinant 24\u00b0C. Ce sera un bel \u00e9t\u00e9 : les valeurs seront comprises entre 21 et 25\u00b0C le matin. Un vent de nord-ouest, enregistrant 24 km\/h, soufflera. Dans l&rsquo;apr\u00e8s-midi, les temp\u00e9ratures tourneront autour des 26\u00b0C. Demain soir, les temp\u00e9ratures afficheront entre 25 et 26\u00b0C, un temps bel et bien de saison. Un vent de nord-ouest soufflera \u00e0 27 km\/h.<\/p>\n<p>Les jours qui suivent s&rsquo;annoncent identiques. Comptez sur 28\u00b0C en moyenne qui accompagneront des journ\u00e9es ensoleill\u00e9es.<\/p>\n<p><\/p>\n","protected":false},"excerpt":{"rendered":"La journ\u00e9e de Marseille sera caract\u00e9ris\u00e9e par le d\u00e9veloppement de nuages dans le ciel. Il va faire 25\u00b0C&hellip;\n","protected":false},"author":2,"featured_media":266799,"comment_status":"","ping_status":"","sticky":false,"template":"","format":"standard","meta":{"footnotes":""},"categories":[2814],"tags":[1111,11,885,1777,674,1011,27,884,12,883,2119,882,25],"class_list":{"0":"post-266798","1":"post","2":"type-post","3":"status-publish","4":"format-standard","5":"has-post-thumbnail","7":"category-marseille","8":"tag-actu","9":"tag-actualites","10":"tag-bouches-du-rhone","11":"tag-eu","12":"tag-europe","13":"tag-fr","14":"tag-france","15":"tag-marseille","16":"tag-news","17":"tag-paca","18":"tag-previsions-meteo","19":"tag-provence-alpes-cote-dazur","20":"tag-republique-francaise"},"share_on_mastodon":{"url":"https:\/\/pubeurope.com\/@fr\/114899646131540912","error":""},"_links":{"self":[{"href":"https:\/\/www.europesays.com\/fr\/wp-json\/wp\/v2\/posts\/266798","targetHints":{"allow":["GET"]}}],"collection":[{"href":"https:\/\/www.europesays.com\/fr\/wp-json\/wp\/v2\/posts"}],"about":[{"href":"https:\/\/www.europesays.com\/fr\/wp-json\/wp\/v2\/types\/post"}],"author":[{"embeddable":true,"href":"https:\/\/www.europesays.com\/fr\/wp-json\/wp\/v2\/users\/2"}],"replies":[{"embeddable":true,"href":"https:\/\/www.europesays.com\/fr\/wp-json\/wp\/v2\/comments?post=266798"}],"version-history":[{"count":0,"href":"https:\/\/www.europesays.com\/fr\/wp-json\/wp\/v2\/posts\/266798\/revisions"}],"wp:featuredmedia":[{"embeddable":true,"href":"https:\/\/www.europesays.com\/fr\/wp-json\/wp\/v2\/media\/266799"}],"wp:attachment":[{"href":"https:\/\/www.europesays.com\/fr\/wp-json\/wp\/v2\/media?parent=266798"}],"wp:term":[{"taxonomy":"category","embeddable":true,"href":"https:\/\/www.europesays.com\/fr\/wp-json\/wp\/v2\/categories?post=266798"},{"taxonomy":"post_tag","embeddable":true,"href":"https:\/\/www.europesays.com\/fr\/wp-json\/wp\/v2\/tags?post=266798"}],"curies":[{"name":"wp","href":"https:\/\/api.w.org\/{rel}","templated":true}]}}