{"id":266802,"date":"2025-07-23T00:11:10","date_gmt":"2025-07-23T00:11:10","guid":{"rendered":"https:\/\/www.europesays.com\/fr\/266802\/"},"modified":"2025-07-23T00:11:10","modified_gmt":"2025-07-23T00:11:10","slug":"previsions-du-mercredi-23-juillet-2025-9","status":"publish","type":"post","link":"https:\/\/www.europesays.com\/fr\/266802\/","title":{"rendered":"pr\u00e9visions du mercredi 23 juillet 2025"},"content":{"rendered":"<p>Aujourd&rsquo;hui, Lyon aura des temp\u00e9ratures autour de 22\u00b0C. Le matin, les Lyonnais vont pouvoir profiter d&rsquo;un soleil radieux. Les temp\u00e9ratures seront de 23\u00b0C. Un vent de sud-est soufflera un peu, avec 5 km\/h. L&rsquo;apr\u00e8s-midi, on verra l&rsquo;apparition de nuages. Les temp\u00e9ratures vont baisser de quelques degr\u00e9s. Les maximales iront jusqu&rsquo;\u00e0 22\u00b0C et les minimales seront de 17\u00b0C. La grisaille ne se dissipe toujours pas, il va y avoir encore des nuages le soir. Du mauvais temps est \u00e0 pr\u00e9voir. Des pluies \u00e9parses vont tomber. Une nuit claire vous attendra entre mercredi et jeudi.<\/p>\n<p>Demain, des nuages feront leur apparition sur Lyon. Mauvais temps : on annonce des pluies \u00e9parses. Une chute des temp\u00e9ratures est attendue. Les valeurs seront comprises entre 14 et 23\u00b0C. Un vent de nord-ouest rafra\u00eechira l\u00e9g\u00e8rement l&rsquo;atmosph\u00e8re. Demain apr\u00e8s-midi, des nuages ne voudront pas c\u00e9der leur place au soleil. Les temp\u00e9ratures afficheront entre 21 et 22\u00b0C. Les valeurs avoisineront les 18\u00b0C au cours de la soir\u00e9e.<\/p>\n<p>La m\u00e9t\u00e9o des jours suivants va changer peu \u00e0 peu. Apr\u00e8s une m\u00e9t\u00e9o stable vendredi, la situation changera samedi.<\/p>\n<p><\/p>\n","protected":false},"excerpt":{"rendered":"Aujourd&rsquo;hui, Lyon aura des temp\u00e9ratures autour de 22\u00b0C. Le matin, les Lyonnais vont pouvoir profiter d&rsquo;un soleil radieux.&hellip;\n","protected":false},"author":2,"featured_media":266803,"comment_status":"","ping_status":"","sticky":false,"template":"","format":"standard","meta":{"footnotes":""},"categories":[1889],"tags":[1111,11,2430,1777,674,1011,27,2428,12,2119,25],"class_list":{"0":"post-266802","1":"post","2":"type-post","3":"status-publish","4":"format-standard","5":"has-post-thumbnail","7":"category-lyon","8":"tag-actu","9":"tag-actualites","10":"tag-auvergne-rhone-alpes","11":"tag-eu","12":"tag-europe","13":"tag-fr","14":"tag-france","15":"tag-lyon","16":"tag-news","17":"tag-previsions-meteo","18":"tag-republique-francaise"},"share_on_mastodon":{"url":"https:\/\/pubeurope.com\/@fr\/114899654043087343","error":""},"_links":{"self":[{"href":"https:\/\/www.europesays.com\/fr\/wp-json\/wp\/v2\/posts\/266802","targetHints":{"allow":["GET"]}}],"collection":[{"href":"https:\/\/www.europesays.com\/fr\/wp-json\/wp\/v2\/posts"}],"about":[{"href":"https:\/\/www.europesays.com\/fr\/wp-json\/wp\/v2\/types\/post"}],"author":[{"embeddable":true,"href":"https:\/\/www.europesays.com\/fr\/wp-json\/wp\/v2\/users\/2"}],"replies":[{"embeddable":true,"href":"https:\/\/www.europesays.com\/fr\/wp-json\/wp\/v2\/comments?post=266802"}],"version-history":[{"count":0,"href":"https:\/\/www.europesays.com\/fr\/wp-json\/wp\/v2\/posts\/266802\/revisions"}],"wp:featuredmedia":[{"embeddable":true,"href":"https:\/\/www.europesays.com\/fr\/wp-json\/wp\/v2\/media\/266803"}],"wp:attachment":[{"href":"https:\/\/www.europesays.com\/fr\/wp-json\/wp\/v2\/media?parent=266802"}],"wp:term":[{"taxonomy":"category","embeddable":true,"href":"https:\/\/www.europesays.com\/fr\/wp-json\/wp\/v2\/categories?post=266802"},{"taxonomy":"post_tag","embeddable":true,"href":"https:\/\/www.europesays.com\/fr\/wp-json\/wp\/v2\/tags?post=266802"}],"curies":[{"name":"wp","href":"https:\/\/api.w.org\/{rel}","templated":true}]}}