{"id":266814,"date":"2025-07-23T00:19:12","date_gmt":"2025-07-23T00:19:12","guid":{"rendered":"https:\/\/www.europesays.com\/fr\/266814\/"},"modified":"2025-07-23T00:19:12","modified_gmt":"2025-07-23T00:19:12","slug":"moscou-ne-sattend-pas-a-des-avancees-miraculeuses-lors-des-pourparlers-prevus-avec-kiev-ce-mercredi","status":"publish","type":"post","link":"https:\/\/www.europesays.com\/fr\/266814\/","title":{"rendered":"Moscou ne s\u2019attend pas \u00e0 des \u00abavanc\u00e9es miraculeuses\u00bb lors des pourparlers pr\u00e9vus avec Kiev ce mercredi"},"content":{"rendered":"<p><strong>LE POINT DE SITUATION<\/strong> &#8211; Pendant ce temps, les attaques meurtri\u00e8res se poursuivent en Ukraine et en Russie, avec au moins cinq morts et des dizaines de bless\u00e9s ce mardi.<\/p>\n<p class=\"fig-paragraph\">De nouveaux pourparlers doivent avoir lieu entre Kiev et Moscou mercredi en Turquie, apr\u00e8s deux rencontres en mai et juin peu fructueuses. \u00abLa d\u00e9l\u00e9gation sera dirig\u00e9e par Roustem Oumerov\u00bb, qui vient d\u2019\u00eatre nomm\u00e9 secr\u00e9taire du Conseil de s\u00e9curit\u00e9 nationale ukrainien, a indiqu\u00e9 le pr\u00e9sident ukrainien Volodymyr Zelensky. Pendant ce temps, les attaques meurtri\u00e8res se poursuivent\u00a0: au moins cinq morts et des dizaines de bless\u00e9s dans des frappes en Russie et en Ukraine. Le Figaro fait le point de la situation.<\/p>\n<p><strong>L\u2019ex ministre de la D\u00e9fense Oumerov m\u00e8nera les n\u00e9gociations\u00a0<\/strong><\/p>\n<p class=\"fig-paragraph\">Le pr\u00e9sident ukrainien\u00a0<a href=\"http:\/\/www.lefigaro.fr\/international\/zelensky-signe-un-decret-en-vue-d-un-retrait-de-l-ukraine-de-la-convention-sur-l-interdiction-des-mines-antipersonnel-20250629\" data-fig-type=\"NewsFlash\" data-gtm-custom-categorie=\"navigation\" data-gtm-custom-action=\"crossclick\" data-gtm-custom-label=\"Contextuel\" data-gtm-event=\"customEventSPE\" data-fig-domain=\"LEFIGARO\" rel=\"nofollow noopener\" target=\"_blank\">Volodymyr Zelensky<\/a>\u00a0a indiqu\u00e9 lundi que les prochains pourparlers de paix entre Moscou et Kiev sont pr\u00e9vus mercredi, apr\u00e8s deux pr\u00e9c\u00e9dentes sessions \u00e0 Istanbul sans grands r\u00e9sultats pour mettre fin \u00e0 la guerre entre les deux pays. \u00abJ\u2019ai discut\u00e9 avec (le secr\u00e9taire du Conseil de s\u00e9curit\u00e9 ukrainien) Roustem Oumerov de la pr\u00e9paration d\u2019un \u00e9change et d\u2019une nouvelle r\u00e9union en Turquie avec la partie russe. Oumerov a indiqu\u00e9 que la r\u00e9union \u00e9tait pr\u00e9vue pour mercredi\u00bb, a d\u00e9clar\u00e9 Volodymyr Zelensky dans son adresse quotidienne diffus\u00e9e sur les r\u00e9seaux sociaux.<\/p>\n<p>                                    <a class=\"fig-a11y-skip a11y-hidden\" href=\"#fig-a11y-skip-main-inarticle\"><br \/>\n        Passer la publicit\u00e9<br \/>\n    <\/a><\/p>\n<p class=\"fig-paragraph\">\u00abLa d\u00e9l\u00e9gation sera dirig\u00e9e par Roustem Oumerov\u00bb, qui vient d\u2019\u00eatre nomm\u00e9 secr\u00e9taire du Conseil de s\u00e9curit\u00e9 nationale ukrainien, et \u00abcomprendra des repr\u00e9sentants des services de renseignement\u00bb, de la diplomatie ukrainienne et de la pr\u00e9sidence, a \u00e9galement indiqu\u00e9 Volodymyr Zelensky..<\/p>\n<p class=\"fig-paragraph\">La Russie a de son c\u00f4t\u00e9 affirm\u00e9 mardi ne pas s\u2019attendre \u00e0 des \u00abavanc\u00e9es miraculeuses\u00bb lors des prochaines n\u00e9gociations, assurant que Moscou a l\u2019intention de maintenir ses conditions. \u00abIl n\u2019y a bien s\u00fbr aucune raison d\u2019esp\u00e9rer des avanc\u00e9es miraculeuses, mais nous avons l\u2019intention de d\u00e9fendre nos int\u00e9r\u00eats, de les garantir et d\u2019accomplir les t\u00e2ches que nous nous sommes fix\u00e9es d\u00e8s le d\u00e9part\u00bb, a d\u00e9clar\u00e9 le porte-parole du Kremlin Dmitri Peskov.<\/p>\n<p class=\"fig-body-link\">\n            \u00c0 lire aussi<br \/>\n        <a class=\"fig-body-link__link fig-premium-mark\" href=\"http:\/\/www.lefigaro.fr\/international\/guerre-en-ukraine-les-scenarios-d-une-surenchere-russe-20250720\" data-fig-type=\"Article\" data-gtm-custom-categorie=\"navigation\" data-gtm-custom-action=\"crossclick\" data-gtm-custom-label=\"Contextuel\" data-gtm-event=\"customEventSPE\" data-fig-domain=\"LEFIGARO\" rel=\"nofollow noopener\" target=\"_blank\">Guerre en Ukraine\u00a0: les sc\u00e9narios d\u2019une surench\u00e8re russe<br \/>\n    <\/a>\n<\/p>\n<p>Troisi\u00e8me cycle de n\u00e9gociations<\/p>\n<p class=\"fig-paragraph\">Samedi,\u00a0<a href=\"http:\/\/www.lefigaro.fr\/international\/volodymyr-peux-tu-frapper-moscou-trump-aurait-encourage-zelensky-a-attaquer-la-russie-en-profondeur-20250715\" target=\"_blank\" data-fig-type=\"Article\" rel=\"noopener nofollow\" data-gtm-custom-categorie=\"navigation\" data-gtm-custom-action=\"crossclick\" data-gtm-custom-label=\"Contextuel\" data-gtm-event=\"customEventSPE\" data-fig-domain=\"LEFIGARO\">Volodymyr Zelensky<\/a>\u00a0avait propos\u00e9 \u00e0 Moscou de tenir cette semaine un troisi\u00e8me cycle de discussions pour tenter d\u2019arr\u00eater la guerre apr\u00e8s deux rencontres peu fructueuses entre des d\u00e9l\u00e9gations russes et ukrainiennes en mai et en juin \u00e0\u00a0<a href=\"http:\/\/www.lefigaro.fr\/international\/guerre-en-ukraine-des-negociations-sur-le-point-de-s-ouvrir-a-istanbul-dans-l-incertitude-20250515\" target=\"_blank\" data-fig-type=\"Article\" rel=\"noopener nofollow\" data-gtm-custom-categorie=\"navigation\" data-gtm-custom-action=\"crossclick\" data-gtm-custom-label=\"Contextuel\" data-gtm-event=\"customEventSPE\" data-fig-domain=\"LEFIGARO\">Istanbul<\/a>. \u00abNous sommes pour la tenue d\u2019un troisi\u00e8me cycle. D\u00e8s qu\u2019une date aura \u00e9t\u00e9 \u00e9tablie, nous vous en informerons\u00bb, avait de son c\u00f4t\u00e9 indiqu\u00e9 Dmitri Peskov.<\/p>\n<p class=\"fig-paragraph\">Ce conflit arm\u00e9, d\u00e9clench\u00e9 par l\u2019<a href=\"http:\/\/www.lefigaro.fr\/international\/les-europeens-creent-un-tribunal-special-pour-juger-le-crime-d-agression-de-la-russie-contre-l-ukraine-20250509\" target=\"_blank\" data-fig-type=\"Article\" rel=\"noopener nofollow\" data-gtm-custom-categorie=\"navigation\" data-gtm-custom-action=\"crossclick\" data-gtm-custom-label=\"Contextuel\" data-gtm-event=\"customEventSPE\" data-fig-domain=\"LEFIGARO\">invasion russe\u00a0<\/a>\u00e0 grande \u00e9chelle de l\u2019Ukraine en f\u00e9vrier 2022, a caus\u00e9, a minima, des dizaines de milliers de morts dans les deux camps, civils et militaires. Moscou exige notamment l\u2019annexion de cinq r\u00e9gions ukrainiennes, dont la\u00a0<a href=\"http:\/\/www.lefigaro.fr\/international\/c-est-notre-territoire-point-final-zelensky-refuse-de-ceder-la-crimee-a-la-russie-20250423\" target=\"_blank\" data-fig-type=\"Article\" rel=\"noopener nofollow\" data-gtm-custom-categorie=\"navigation\" data-gtm-custom-action=\"crossclick\" data-gtm-custom-label=\"Contextuel\" data-gtm-event=\"customEventSPE\" data-fig-domain=\"LEFIGARO\">Crim\u00e9e<\/a>\u00a0envahie en 2014, ainsi que la certitude que Kiev ne rejoindra jamais l\u2019Otan. Ce sont des demandes inacceptables pour l\u2019Ukraine, qui r\u00e9clame pour sa part des garanties de s\u00e9curit\u00e9 solides pour pr\u00e9venir toute nouvelle invasion russe, en particulier la\u00a0<a href=\"http:\/\/www.lefigaro.fr\/international\/accord-entre-les-usa-et-l-otan-l-ukraine-va-recevoir-un-grand-nombre-d-armes-annonce-trump-20250714\" target=\"_blank\" data-fig-type=\"NewsFlash\" rel=\"noopener nofollow\" data-gtm-custom-categorie=\"navigation\" data-gtm-custom-action=\"crossclick\" data-gtm-custom-label=\"Contextuel\" data-gtm-event=\"customEventSPE\" data-fig-domain=\"LEFIGARO\">livraison d\u2019armes<\/a>, ce \u00e0 quoi s\u2019oppose Moscou.<\/p>\n<p><strong>Au moins cinq morts et des dizaines de bless\u00e9s dans des frappes en Russie et en Ukraine<\/strong><\/p>\n<p class=\"fig-paragraph\">Au moins cinq personnes ont \u00e9t\u00e9 tu\u00e9es en Russie et dans les territoires occup\u00e9s et une personne est morte en Ukraine mardi dans des frappes crois\u00e9es.<\/p>\n<p>                                    <a class=\"fig-a11y-skip a11y-hidden\" href=\"#fig-a11y-skip-main-inarticle_mtf\"><br \/>\n        Passer la publicit\u00e9<br \/>\n    <\/a><\/p>\n<p class=\"fig-paragraph\">Trois personnes sont mortes et trois se trouvent dans un \u00e9tat grave apr\u00e8s une attaque de drone ukrainienne sur un bus dans la partie de la r\u00e9gion de Kherson. Un homme est d\u00e9c\u00e9d\u00e9 de ses blessures apr\u00e8s une frappe ukrainienne qui a touch\u00e9 une voiture dans le village de Leonovka dans la r\u00e9gion frontali\u00e8re de Belgorod. Le minist\u00e8re russe de la D\u00e9fense a indiqu\u00e9 que trente-cinq drones ukrainiens ont \u00e9t\u00e9 intercept\u00e9s dans la nuit, dont trois dans la r\u00e9gion de Moscou.<\/p>\n<p class=\"fig-paragraph\">C\u00f4t\u00e9 ukrainien, un gar\u00e7on de dix ans a \u00e9t\u00e9 tu\u00e9 et huit personnes bless\u00e9es dans un bombardement russe qui a touch\u00e9 un b\u00e2timent r\u00e9sidentiel \u00e0 Kramatorsk (est) et quatre autres personnes ont \u00e9t\u00e9 bless\u00e9es \u00e0 leurs domiciles \u00e0 Sloviansk dans la r\u00e9gion de Donetsk (est), selon le parquet local. Dans la r\u00e9gion de Soumy (nord-est), plusieurs bombardements et une attaque de drone ont fait vingt-quatre bless\u00e9s, dont deux jeunes enfants, et endommag\u00e9 des maisons, des voitures et des infrastructures civiles dans les villes de Poutvyl et Soumy, a indiqu\u00e9 le parquet.<\/p>\n<p><strong>L\u2019Ukraine a perdu un premier avion de chasse fran\u00e7ais<\/strong><\/p>\n<p class=\"fig-paragraph\">L\u2019Ukraine a perdu pour la premi\u00e8re fois un avion de chasse fran\u00e7ais mardi lors d\u2019une mission au cours de laquelle son pilote a pu s\u2019\u00e9jecter, a annonc\u00e9 le pr\u00e9sident Volodymyr Zelensky. \u00abMalheureusement, nous avons perdu (un) avion de combat. Un appareil fran\u00e7ais, tr\u00e8s efficace, l\u2019un de nos chasseurs Mirage\u00bb, a d\u00e9clar\u00e9 le chef de l\u2019\u00c9tat t\u00f4t mercredi dans une allocution diffus\u00e9e sur le site de la pr\u00e9sidence ukrainienne. <\/p>\n<p class=\"fig-paragraph\">\u00abLe pilote a r\u00e9ussi \u00e0 s\u2019\u00e9chapper et (l\u2019avion) n\u2019a pas \u00e9t\u00e9 abattu par les Russes\u00bb, a-t-il ajout\u00e9. Les forces a\u00e9riennes ukrainiennes ont indiqu\u00e9 que les faits s\u2019\u00e9taient d\u00e9roul\u00e9s mardi soir et qu\u2019\u00abaucune victime au sol\u00bb n\u2019avait \u00e9t\u00e9 recens\u00e9e. \u00abLe pilote a signal\u00e9 au directeur de vol une d\u00e9faillance d\u2019un \u00e9quipement a\u00e9ronautique. Il a ensuite agi avec comp\u00e9tence, comme attendu lors d\u2019une situation de crise, et s\u2019est \u00e9ject\u00e9 avec succ\u00e8s\u00bb, a pr\u00e9cis\u00e9 l\u2019arm\u00e9e de l\u2019air.<\/p>\n<p class=\"fig-paragraph\">Cet incident marque un nouveau coup dur pour l\u2019arm\u00e9e de Kiev, qui souffre d\u2019un manque de moyens de d\u00e9fense a\u00e9riens pour contrer les attaques russes.<\/p>\n","protected":false},"excerpt":{"rendered":"LE POINT DE SITUATION &#8211; Pendant ce temps, les attaques meurtri\u00e8res se poursuivent en Ukraine et en Russie,&hellip;\n","protected":false},"author":2,"featured_media":266815,"comment_status":"","ping_status":"","sticky":false,"template":"","format":"standard","meta":{"footnotes":""},"categories":[1591],"tags":[11,1887,131,12,20354,1885,1886,132],"class_list":{"0":"post-266814","1":"post","2":"type-post","3":"status-publish","4":"format-standard","5":"has-post-thumbnail","7":"category-russie","8":"tag-actualites","9":"tag-federation-de-russie","10":"tag-guerre-en-ukraine","11":"tag-news","12":"tag-pourparlers","13":"tag-russia","14":"tag-russian-federation","15":"tag-russie"},"share_on_mastodon":{"url":"https:\/\/pubeurope.com\/@fr\/114899685451435701","error":""},"_links":{"self":[{"href":"https:\/\/www.europesays.com\/fr\/wp-json\/wp\/v2\/posts\/266814","targetHints":{"allow":["GET"]}}],"collection":[{"href":"https:\/\/www.europesays.com\/fr\/wp-json\/wp\/v2\/posts"}],"about":[{"href":"https:\/\/www.europesays.com\/fr\/wp-json\/wp\/v2\/types\/post"}],"author":[{"embeddable":true,"href":"https:\/\/www.europesays.com\/fr\/wp-json\/wp\/v2\/users\/2"}],"replies":[{"embeddable":true,"href":"https:\/\/www.europesays.com\/fr\/wp-json\/wp\/v2\/comments?post=266814"}],"version-history":[{"count":0,"href":"https:\/\/www.europesays.com\/fr\/wp-json\/wp\/v2\/posts\/266814\/revisions"}],"wp:featuredmedia":[{"embeddable":true,"href":"https:\/\/www.europesays.com\/fr\/wp-json\/wp\/v2\/media\/266815"}],"wp:attachment":[{"href":"https:\/\/www.europesays.com\/fr\/wp-json\/wp\/v2\/media?parent=266814"}],"wp:term":[{"taxonomy":"category","embeddable":true,"href":"https:\/\/www.europesays.com\/fr\/wp-json\/wp\/v2\/categories?post=266814"},{"taxonomy":"post_tag","embeddable":true,"href":"https:\/\/www.europesays.com\/fr\/wp-json\/wp\/v2\/tags?post=266814"}],"curies":[{"name":"wp","href":"https:\/\/api.w.org\/{rel}","templated":true}]}}