{"id":266818,"date":"2025-07-23T00:21:09","date_gmt":"2025-07-23T00:21:09","guid":{"rendered":"https:\/\/www.europesays.com\/fr\/266818\/"},"modified":"2025-07-23T00:21:09","modified_gmt":"2025-07-23T00:21:09","slug":"menace-dune-nouvelle-attaque-des-installations-nucleaires-iraniennes","status":"publish","type":"post","link":"https:\/\/www.europesays.com\/fr\/266818\/","title":{"rendered":"Menace d\u2019une nouvelle attaque des installations nucl\u00e9aires iraniennes"},"content":{"rendered":"<p>Dans un message publi\u00e9 vendredi sur Truth Social, Trump a r\u00e9agi aux propos du ministre iranien des Affaires \u00e9trang\u00e8res, Abbas Araghchi, qui a reconnu dans une interview \u00e0 Fox News que les d\u00e9g\u00e2ts inflig\u00e9s aux sites nucl\u00e9aires \u00e9taient \u00ab\u00a0tr\u00e8s graves\u00a0\u00bb. <\/p>\n<p>\u00ab\u00a0Bien s\u00fbr, exactement comme je l\u2019ai dit, et nous le referons si n\u00e9cessaire\u00a0\u00bb, a lanc\u00e9 Trump. <\/p>\n<p>Ces d\u00e9clarations interviennent dans un contexte de tensions accrues apr\u00e8s les attaques isra\u00e9liennes du 13 juin contre des sites nucl\u00e9aires, militaires et civils en Iran, suivies par l\u2019op\u00e9ration am\u00e9ricaine \u00ab\u00a0Marteau de minuit\u00a0\u00bb (Midnight Hammer) du 22 juin, visant les installations de Natanz, Fordo et Ispahan avec des bombes p\u00e9n\u00e9trantes. <\/p>\n<p>Bien que Trump ait qualifi\u00e9 ces frappes de \u00ab\u00a0grand succ\u00e8s\u00a0\u00bb, des rapports pr\u00e9liminaires, divulgu\u00e9s dans les m\u00e9dias, sugg\u00e8rent que le programme nucl\u00e9aire iranien n\u2019a \u00e9t\u00e9 que \u00ab\u00a0retard\u00e9 de quelques mois\u00a0\u00bb, et non totalement an\u00e9anti, ce qui a suscit\u00e9 la col\u00e8re du pr\u00e9sident. <\/p>\n<p>Trump a \u00e9galement attaqu\u00e9 CNN, exigeant le licenciement de ses journalistes pour avoir relay\u00e9 ces rapports et r\u00e9clamant des excuses publiques \u00e0 son \u00e9gard ainsi qu\u2019\u00e0 l\u2019\u00e9gard des pilotes ayant particip\u00e9 aux frappes. <\/p>\n<p>En r\u00e9ponse aux fuites, le FBI et le Pentagone ont annonc\u00e9 l\u2019ouverture d\u2019une enqu\u00eate pour identifier leur origine.<\/p>\n","protected":false},"excerpt":{"rendered":"Dans un message publi\u00e9 vendredi sur Truth Social, Trump a r\u00e9agi aux propos du ministre iranien des Affaires&hellip;\n","protected":false},"author":2,"featured_media":266819,"comment_status":"","ping_status":"","sticky":false,"template":"","format":"standard","meta":{"footnotes":""},"categories":[1589],"tags":[11,5024,5025,5026,258,5028,1659,5029,5027,251,33,2518,73,1866,1283,1757,1393,985,12,316,104,517,5030,1864,1865,1863,308],"class_list":{"0":"post-266818","1":"post","2":"type-post","3":"status-publish","4":"format-standard","5":"has-post-thumbnail","7":"category-etats-unis","8":"tag-actualites","9":"tag-actualites-et-infos-au-maroc","10":"tag-actualites-et-infos-mondiale","11":"tag-actualites-marocaines-du-jour","12":"tag-alimentation","13":"tag-analyses","14":"tag-art-de-vivre","15":"tag-chronique","16":"tag-consommation-et-bien-etre","17":"tag-culture","18":"tag-economie","19":"tag-edito","20":"tag-etats-unis","21":"tag-etats-unis-damerique","22":"tag-etudes","23":"tag-insolite","24":"tag-loisirs","25":"tag-mode","26":"tag-news","27":"tag-politique","28":"tag-societe","29":"tag-sport","30":"tag-tribune","31":"tag-united-states","32":"tag-united-states-of-america","33":"tag-us","34":"tag-usa"},"share_on_mastodon":{"url":"https:\/\/pubeurope.com\/@fr\/114899693479046364","error":""},"_links":{"self":[{"href":"https:\/\/www.europesays.com\/fr\/wp-json\/wp\/v2\/posts\/266818","targetHints":{"allow":["GET"]}}],"collection":[{"href":"https:\/\/www.europesays.com\/fr\/wp-json\/wp\/v2\/posts"}],"about":[{"href":"https:\/\/www.europesays.com\/fr\/wp-json\/wp\/v2\/types\/post"}],"author":[{"embeddable":true,"href":"https:\/\/www.europesays.com\/fr\/wp-json\/wp\/v2\/users\/2"}],"replies":[{"embeddable":true,"href":"https:\/\/www.europesays.com\/fr\/wp-json\/wp\/v2\/comments?post=266818"}],"version-history":[{"count":0,"href":"https:\/\/www.europesays.com\/fr\/wp-json\/wp\/v2\/posts\/266818\/revisions"}],"wp:featuredmedia":[{"embeddable":true,"href":"https:\/\/www.europesays.com\/fr\/wp-json\/wp\/v2\/media\/266819"}],"wp:attachment":[{"href":"https:\/\/www.europesays.com\/fr\/wp-json\/wp\/v2\/media?parent=266818"}],"wp:term":[{"taxonomy":"category","embeddable":true,"href":"https:\/\/www.europesays.com\/fr\/wp-json\/wp\/v2\/categories?post=266818"},{"taxonomy":"post_tag","embeddable":true,"href":"https:\/\/www.europesays.com\/fr\/wp-json\/wp\/v2\/tags?post=266818"}],"curies":[{"name":"wp","href":"https:\/\/api.w.org\/{rel}","templated":true}]}}