{"id":266824,"date":"2025-07-23T00:25:11","date_gmt":"2025-07-23T00:25:11","guid":{"rendered":"https:\/\/www.europesays.com\/fr\/266824\/"},"modified":"2025-07-23T00:25:11","modified_gmt":"2025-07-23T00:25:11","slug":"le-president-diplomatique-de-lue-avertit-israel-sil-ne-peut-pas-tenir-ses-promesses-a-gaza","status":"publish","type":"post","link":"https:\/\/www.europesays.com\/fr\/266824\/","title":{"rendered":"Le pr\u00e9sident diplomatique de l&rsquo;UE avertit Isra\u00ebl s&rsquo;il ne peut pas tenir ses promesses \u00e0 Gaza"},"content":{"rendered":"<p>AKARTA &#8211; Les principaux diplomates de l&rsquo;UE ont averti Isra\u00ebl de mani\u00e8re r\u00e9solue que toutes les options sont disponibles si le pays ne peut pas tenir ses promesses de faciliter l&rsquo;aide humanitaire dans la bande de Gaza, en Palestine.<\/p>\n<p>\u00bb Le meurtre de civils cherchant de l\u2019aide \u00e0 Gaza n\u2019est pas justifi\u00e9 \u00bb, a \u00e9crit le chef de la politique \u00e9trang\u00e8re de l\u2019UE, Kaja K kra, dans un post dans X.<\/p>\n<p>k a d\u00e9clar\u00e9 qu\u2019il s\u2019\u00e9tait entretenu avec le ministre isra\u00e9lien des Affaires \u00e9trang\u00e8res Gideon Saul \u00ab pour rappeler \u00e0 notre compr\u00e9hension du flux de secours et souligner que l\u2019arm\u00e9e doit cesser de tuer des gens dans les points de distribution \u00bb.<\/p>\n<p>k a d\u00e9clar\u00e9 plus t\u00f4t ce mois-ci qu\u2019Isra\u00ebl avait accept\u00e9 d\u2019\u00e9tendre l\u2019acc\u00e8s humanitaire \u00e0 Gaza, y compris l\u2019augmentation du nombre de camions d\u2019aide, de points de passage et d\u2019itin\u00e9raires vers les centres de distribution.<\/p>\n<p>Kwas a d\u00e9clar\u00e9 : \u00ab Toutes les options sont disponibles si Isra\u00ebl ne remplit pas ses promesses. \u00bb<\/p>\n<p>ronyme : lundi, deux douzaines de pays occidentaux ont exhort\u00e9 Isra\u00ebl \u00e0 mettre fin imm\u00e9diatement \u00e0 sa guerre \u00e0 Gaza et critiquer ce qu\u2019il qualifie de \u00ab meurtre inhumain \u00bb de Palestiniens, affirmant qu\u2019il \u00e9tait \u00ab effrayant \u00bb que plus de 800 civils avaient \u00e9t\u00e9 tu\u00e9s alors qu\u2019ils cherchaient de l\u2019aide.<\/p>\n<p>isra\u00e9lien des Affaires \u00e9trang\u00e8res a qualifi\u00e9 la d\u00e9claration de lundi de \u00ab\u00a0non conforme \u00e0 la r\u00e9alit\u00e9\u00a0\u00bb et a d\u00e9clar\u00e9 qu\u2019elle enverrait un mauvais message au Hamas.<\/p>\n<p>ra\u00efl : Le dernier conflit \u00e0 Gaza est \u00e9clat\u00e9 apr\u00e8s qu\u2019un groupe militant palestinien a attaqu\u00e9 le territoire sud d\u2019Isra\u00ebl le 7 octobre 2023, tuant 1 200 personnes et 251 autres en otage, selon les calculs isra\u00e9liens.<\/p>\n<p>Isra\u00ebl a r\u00e9pondu \u00e0 cela en bloquant, en frappes a\u00e9riennes et en op\u00e9rant militaires dans la bande de Gaza.<\/p>\n<p>Isra\u00ebl et les militants palestiniens ont convenu d&rsquo;un cessez-le-feu et d&rsquo;un \u00e9change d&rsquo;otages et de prisonniers le 19 janvier.<\/p>\n<p>Y a \u00e9crit : Au moins 20 des 50 otages restants de Gaza sont toujours vivants. La majorit\u00e9 des otages premiers ont \u00e9t\u00e9 lib\u00e9r\u00e9s par le biais de n\u00e9gociations diplomatiques, bien que l&rsquo;arm\u00e9e isra\u00e9lienne ait \u00e9galement lib\u00e9r\u00e9 plusieurs otages.<\/p>\n<p>Isra\u00ebl a de nouveau bloqu\u00e9 Gaza le 2 mars, sous le pr\u00e9texte de pousser les groupes militants palestiniens \u00e0 accepter un cessez-le-feu propos\u00e9 par les \u00c9tats-Unis et un \u00e9change d&rsquo;obtention.<\/p>\n<p>Isra\u00ebl a lanc\u00e9 une op\u00e9ration militaire \u00e0 Gaza le 18 mars, avec la fin de l&rsquo;accord de cessez-le-feu.<\/p>\n<p>ar, en date d&rsquo;aujourd&rsquo;hui, les victimes de Palestiniens tu\u00e9s dans la bande de Gaza depuis le dernier \u00e9clat du conflit ont atteint 59 106 personnes, tandis que les 14 2511 autres ont \u00e9t\u00e9 bless\u00e9s, selon des sources m\u00e9dicales \u00e0 Gaza, ont indiqu\u00e9 la FAI.<\/p>\n<p>The English, Chinese, Japanese, Arabic, and French versions are automatically generated by the AI. So there may still be inaccuracies in translating, please always see Indonesian as our main language.<br \/>\n                                    (system supported by DigitalSiber.id)<\/p>\n","protected":false},"excerpt":{"rendered":"AKARTA &#8211; Les principaux diplomates de l&rsquo;UE ont averti Isra\u00ebl de mani\u00e8re r\u00e9solue que toutes les options sont&hellip;\n","protected":false},"author":2,"featured_media":266825,"comment_status":"","ping_status":"","sticky":false,"template":"","format":"standard","meta":{"footnotes":""},"categories":[1586],"tags":[11,16176,5436,40638,1777,674,1779,1011,27,665,664,40639,12,25,1778,364,40640],"class_list":{"0":"post-266824","1":"post","2":"type-post","3":"status-publish","4":"format-standard","5":"has-post-thumbnail","7":"category-europe","8":"tag-actualites","9":"tag-aide-humanitaire","10":"tag-ar","11":"tag-conflit-palestinien-et-israelien","12":"tag-eu","13":"tag-europe","14":"tag-european-union","15":"tag-fr","16":"tag-france","17":"tag-gaza","18":"tag-israel","19":"tag-kajas","20":"tag-news","21":"tag-republique-francaise","22":"tag-ue","23":"tag-union-europeenne","24":"tag-unions-deurope"},"share_on_mastodon":{"url":"https:\/\/pubeurope.com\/@fr\/114899709029780009","error":""},"_links":{"self":[{"href":"https:\/\/www.europesays.com\/fr\/wp-json\/wp\/v2\/posts\/266824","targetHints":{"allow":["GET"]}}],"collection":[{"href":"https:\/\/www.europesays.com\/fr\/wp-json\/wp\/v2\/posts"}],"about":[{"href":"https:\/\/www.europesays.com\/fr\/wp-json\/wp\/v2\/types\/post"}],"author":[{"embeddable":true,"href":"https:\/\/www.europesays.com\/fr\/wp-json\/wp\/v2\/users\/2"}],"replies":[{"embeddable":true,"href":"https:\/\/www.europesays.com\/fr\/wp-json\/wp\/v2\/comments?post=266824"}],"version-history":[{"count":0,"href":"https:\/\/www.europesays.com\/fr\/wp-json\/wp\/v2\/posts\/266824\/revisions"}],"wp:featuredmedia":[{"embeddable":true,"href":"https:\/\/www.europesays.com\/fr\/wp-json\/wp\/v2\/media\/266825"}],"wp:attachment":[{"href":"https:\/\/www.europesays.com\/fr\/wp-json\/wp\/v2\/media?parent=266824"}],"wp:term":[{"taxonomy":"category","embeddable":true,"href":"https:\/\/www.europesays.com\/fr\/wp-json\/wp\/v2\/categories?post=266824"},{"taxonomy":"post_tag","embeddable":true,"href":"https:\/\/www.europesays.com\/fr\/wp-json\/wp\/v2\/tags?post=266824"}],"curies":[{"name":"wp","href":"https:\/\/api.w.org\/{rel}","templated":true}]}}