{"id":266826,"date":"2025-07-23T00:26:13","date_gmt":"2025-07-23T00:26:13","guid":{"rendered":"https:\/\/www.europesays.com\/fr\/266826\/"},"modified":"2025-07-23T00:26:13","modified_gmt":"2025-07-23T00:26:13","slug":"la-petition-contre-la-loi-recueille-plus-de-voix-que-valerie-pecresse-en-2022-liberation","status":"publish","type":"post","link":"https:\/\/www.europesays.com\/fr\/266826\/","title":{"rendered":"la p\u00e9tition contre la loi recueille plus de voix que Val\u00e9rie P\u00e9cresse en\u00a02022 \u2013 Lib\u00e9ration"},"content":{"rendered":"<p class=\"sc-ksZaOG ehjQrN text-element\">Quand on est pr\u00e9sident de la R\u00e9publique, l\u2019\u00e9t\u00e9 n\u2019est pas toujours (seulement) la saison du jet ski et des \u00abcalls\u00bb diplomatiques depuis le fort de Br\u00e9gan\u00e7on. C\u2019est aussi parfois celle des <a href=\"https:\/\/www.liberation.fr\/politique\/aurore-berge-sen-prend-a-agnes-pannier-runacher-la-solidarite-gouvernementale-a-duplomb-dans-laile-20250722_RAKPHZOLEVG2BEI4FPJ55RUYJ4\/\" target=\"_blank\" rel=\"noopener\" title=\"https:\/\/www.liberation.fr\/politique\/aurore-berge-sen-prend-a-agnes-pannier-runacher-la-solidarite-gouvernementale-a-duplomb-dans-laile-20250722_RAKPHZOLEVG2BEI4FPJ55RUYJ4\/\">petits p\u00e9pins<\/a> inattendus susceptibles de se transformer en grosses gal\u00e8res. Cette ann\u00e9e, c\u2019est la p\u00e9tition contre la loi Duplomb qui pourrait animer les barbecues estivaux, et donner quelques migraines aux conseillers de l\u2019ex\u00e9cutif.<\/p>\n<p class=\"sc-ksZaOG ehjQrN text-element\">Ce texte du s\u00e9nateur Les R\u00e9publicains de Haute-Loire, Laurent Duplomb, proche d\u2019un certain Laurent Wauquiez, qui affiche l\u2019ambition de \u00ablever les contraintes au m\u00e9tier d\u2019agriculteur\u00bb, a \u00e9t\u00e9 d\u00e9finitivement adopt\u00e9 par un vote de l\u2019Assembl\u00e9e nationale le 8 juillet, par une coalition allant des macronistes au Rassemblement national en passant par la droite. Il contient plusieurs mesures <\/p>\n","protected":false},"excerpt":{"rendered":"Quand on est pr\u00e9sident de la R\u00e9publique, l\u2019\u00e9t\u00e9 n\u2019est pas toujours (seulement) la saison du jet ski et&hellip;\n","protected":false},"author":2,"featured_media":266827,"comment_status":"","ping_status":"","sticky":false,"template":"","format":"standard","meta":{"footnotes":""},"categories":[2],"tags":[11,2618,2286,1011,27,25754,3228,12,25,2328,14937],"class_list":{"0":"post-266826","1":"post","2":"type-post","3":"status-publish","4":"format-standard","5":"has-post-thumbnail","7":"category-actualites","8":"tag-actualites","9":"tag-anne-hidalgo","10":"tag-eelv","11":"tag-fr","12":"tag-france","13":"tag-loi-duplomb","14":"tag-lr","15":"tag-news","16":"tag-republique-francaise","17":"tag-valerie-pecresse","18":"tag-yannick-jadot"},"share_on_mastodon":{"url":"https:\/\/pubeurope.com\/@fr\/114899713377775294","error":""},"_links":{"self":[{"href":"https:\/\/www.europesays.com\/fr\/wp-json\/wp\/v2\/posts\/266826","targetHints":{"allow":["GET"]}}],"collection":[{"href":"https:\/\/www.europesays.com\/fr\/wp-json\/wp\/v2\/posts"}],"about":[{"href":"https:\/\/www.europesays.com\/fr\/wp-json\/wp\/v2\/types\/post"}],"author":[{"embeddable":true,"href":"https:\/\/www.europesays.com\/fr\/wp-json\/wp\/v2\/users\/2"}],"replies":[{"embeddable":true,"href":"https:\/\/www.europesays.com\/fr\/wp-json\/wp\/v2\/comments?post=266826"}],"version-history":[{"count":0,"href":"https:\/\/www.europesays.com\/fr\/wp-json\/wp\/v2\/posts\/266826\/revisions"}],"wp:featuredmedia":[{"embeddable":true,"href":"https:\/\/www.europesays.com\/fr\/wp-json\/wp\/v2\/media\/266827"}],"wp:attachment":[{"href":"https:\/\/www.europesays.com\/fr\/wp-json\/wp\/v2\/media?parent=266826"}],"wp:term":[{"taxonomy":"category","embeddable":true,"href":"https:\/\/www.europesays.com\/fr\/wp-json\/wp\/v2\/categories?post=266826"},{"taxonomy":"post_tag","embeddable":true,"href":"https:\/\/www.europesays.com\/fr\/wp-json\/wp\/v2\/tags?post=266826"}],"curies":[{"name":"wp","href":"https:\/\/api.w.org\/{rel}","templated":true}]}}