{"id":266832,"date":"2025-07-23T00:31:12","date_gmt":"2025-07-23T00:31:12","guid":{"rendered":"https:\/\/www.europesays.com\/fr\/266832\/"},"modified":"2025-07-23T00:31:12","modified_gmt":"2025-07-23T00:31:12","slug":"un-grand-nom-du-championnat-va-entrainer-en-nouvelle-zelande","status":"publish","type":"post","link":"https:\/\/www.europesays.com\/fr\/266832\/","title":{"rendered":"Un grand nom du championnat va entra\u00eener en Nouvelle-Z\u00e9lande"},"content":{"rendered":"<p>\u00c0 48 ans, Jono Gibbes embarque pour un nouveau d\u00e9fi. Il r\u00e9cup\u00e8re le premier r\u00f4le du staff technique des Gallagher Chiefs et succ\u00e8de ainsi \u00e0 Clayton McMillan. Ce dernier \u00e9tant en partance pour le Munster. Toutefois, ce n\u2019est pas une d\u00e9couverte pour Gibbes avec le club de Super Rugby en Nouvelle-Z\u00e9lande.<\/p>\n<p>\u00a0<\/p>\n<p>Une nouvelle \u00e9tape, le m\u00eame environnement.<\/p>\n<p>\u00a0<\/p>\n<p>Jono Gibbes n&rsquo;est pas \u00e0 sa premi\u00e8re avec les Gallagher Chiefs. Il y a \u00e9volu\u00e9 comme joueur par le pass\u00e9, avant d&rsquo;int\u00e9grer le staff technique il y a quelques mois dans un autre r\u00f4le. D\u00e9sormais promu entra\u00eeneur principal, il entamera juste un nouveau cycle dans un environnement qui lui est d\u00e9j\u00e0 familier.<\/p>\n<p>\u00a0<\/p>\n<p>Faut-il le rappeler, Jono Gibbes est bien connu dans le Top 14. S&rsquo;il a d\u00e9but\u00e9 comme entra\u00eeneur des avants au Leinster en 2008, c&rsquo;est bien en France qu&rsquo;il a accumul\u00e9 de l&rsquo;exp\u00e9rience. Ceci notamment avec ses passages au Stade Rochelais et \u00e0 Clermont entre 2018 et 2023. Par la suite en 2024, il a pris les r\u00eanes de la s\u00e9lection U20 des Baby Blacks avant de retrouver les Chiefs.<\/p>\n<p>Partagez cette info avec vos amis et vos proches en cliquant ici<br \/>Pour r\u00e9sumer<\/p>\n<p>Jono Gibbes, ex-entra\u00eeneur du Stade Rochelais et de Clermont, prend la t\u00eate des Gallagher Chiefs. \u00c0 48 ans, il revient dans une franchise qu\u2019il conna\u00eet bien, apr\u00e8s une exp\u00e9rience en U20 et un court passage au LOU Rugby. Nouveau d\u00e9fi, cadre familier.<\/p>\n<p> <img decoding=\"async\" width=\"76\" height=\"76\" loading=\"lazy\" src=\"https:\/\/www.europesays.com\/fr\/wp-content\/uploads\/2025\/04\/avatar-quinze.png\" alt=\"Voldi Fr\u00e9jus\u00a0Hounvio\"\/><\/p>\n","protected":false},"excerpt":{"rendered":"\u00c0 48 ans, Jono Gibbes embarque pour un nouveau d\u00e9fi. Il r\u00e9cup\u00e8re le premier r\u00f4le du staff technique&hellip;\n","protected":false},"author":2,"featured_media":266833,"comment_status":"","ping_status":"","sticky":false,"template":"","format":"standard","meta":{"footnotes":""},"categories":[1416],"tags":[1011,27,479,1468,60],"class_list":{"0":"post-266832","1":"post","2":"type-post","3":"status-publish","4":"format-standard","5":"has-post-thumbnail","7":"category-rugby","8":"tag-fr","9":"tag-france","10":"tag-rugby","11":"tag-rugby-football","12":"tag-sports"},"share_on_mastodon":{"url":"https:\/\/pubeurope.com\/@fr\/114899732704433168","error":""},"_links":{"self":[{"href":"https:\/\/www.europesays.com\/fr\/wp-json\/wp\/v2\/posts\/266832","targetHints":{"allow":["GET"]}}],"collection":[{"href":"https:\/\/www.europesays.com\/fr\/wp-json\/wp\/v2\/posts"}],"about":[{"href":"https:\/\/www.europesays.com\/fr\/wp-json\/wp\/v2\/types\/post"}],"author":[{"embeddable":true,"href":"https:\/\/www.europesays.com\/fr\/wp-json\/wp\/v2\/users\/2"}],"replies":[{"embeddable":true,"href":"https:\/\/www.europesays.com\/fr\/wp-json\/wp\/v2\/comments?post=266832"}],"version-history":[{"count":0,"href":"https:\/\/www.europesays.com\/fr\/wp-json\/wp\/v2\/posts\/266832\/revisions"}],"wp:featuredmedia":[{"embeddable":true,"href":"https:\/\/www.europesays.com\/fr\/wp-json\/wp\/v2\/media\/266833"}],"wp:attachment":[{"href":"https:\/\/www.europesays.com\/fr\/wp-json\/wp\/v2\/media?parent=266832"}],"wp:term":[{"taxonomy":"category","embeddable":true,"href":"https:\/\/www.europesays.com\/fr\/wp-json\/wp\/v2\/categories?post=266832"},{"taxonomy":"post_tag","embeddable":true,"href":"https:\/\/www.europesays.com\/fr\/wp-json\/wp\/v2\/tags?post=266832"}],"curies":[{"name":"wp","href":"https:\/\/api.w.org\/{rel}","templated":true}]}}