{"id":26684,"date":"2025-04-15T14:04:08","date_gmt":"2025-04-15T14:04:08","guid":{"rendered":"https:\/\/www.europesays.com\/fr\/26684\/"},"modified":"2025-04-15T14:04:08","modified_gmt":"2025-04-15T14:04:08","slug":"le-theatre-du-lacydon-lance-un-appel-a-ses-anciens-adherents","status":"publish","type":"post","link":"https:\/\/www.europesays.com\/fr\/26684\/","title":{"rendered":"Le th\u00e9\u00e2tre du Lacydon lance un appel \u00e0 ses anciens adh\u00e9rents"},"content":{"rendered":"<p>On conna\u00eet l&rsquo;association du Lacydon <a href=\"https:\/\/www.laprovence.com\/article\/region\/1872667751301914\/la-pastorale-pour-les-nuls-notre-guide-afin-de-tout-savoir-sur-cette-tradition-provencale\" target=\"_blank\" rel=\"noopener\">surtout pour la Pastorale Audibert<\/a>, interpr\u00e9t\u00e9e en fran\u00e7ais, que ses membres continuent de perp\u00e9tuer depuis 1945. Mais au <a href=\"https:\/\/www.laprovence.com\/article\/region\/4806549426550315\/trop-plein-de-touristes-en-provence-a-marseille-il-ny-a-plus-dame-du-panier\" target=\"_blank\" rel=\"noopener\">Panier<\/a>, l&rsquo;association est aussi le lieu o\u00f9 petits et grands s&rsquo;initient \u00e0 la gymnastique artistique, \u00e0 la boxe fran\u00e7aise, au karat\u00e9, \u00e0 la danse contemporaine, au th\u00e9\u00e2tre, \u00e0 la sophrologie, \u00e0 l&rsquo;\u00e9veil musical, au parkour, au <a href=\"https:\/\/www.laprovence.com\/article\/culture-loisirs\/2185183411152215\/melanger-les-genres-et-les-gens-rap-dhier-et-daujourdhui-au-fonky-festival-de-marseille\" target=\"_blank\" rel=\"noopener\">hip-hop<\/a>, \u00e0 la salsa, aux loisirs cr\u00e9atifs, \u00e0 l&rsquo;anglais ou au tricot et ce, depuis des d\u00e9cennies.<\/p>\n<p>C&rsquo;est en 1904 qu&rsquo;a \u00e9t\u00e9 cr\u00e9\u00e9 le foyer club chr\u00e9tien Le Lacydon avec pour but le d\u00e9veloppement physique, intellectuel, moral et spirituel de tous et particuli\u00e8rement des jeunes. \u00ab\u00a0Depuis, l&rsquo;association accueille les enfants et les adultes du quartier du Panier et m\u00eame au-del\u00e0, quelle que soit leur croyance et dans le respect de leurs convictions\u00a0\u00bb, souligne sa pr\u00e9sidente Anne-Marie Esposito dans La Gazette du Lacydon.<\/p>\n<p>120 ans au service des jeunes et moins jeunes<\/p>\n<p>Pour f\u00eater ses 120 ans au service des jeunes et moins jeunes, une journ\u00e9e festive et r\u00e9trospective est programm\u00e9e ce dimanche 27 avril, avec une messe de c\u00e9l\u00e9bration, un vin d&rsquo;honneur offert et un lunch (sur r\u00e9servation). Une expo de photos et de films et documents sera pr\u00e9sent\u00e9e avec des t\u00e9moignages d&rsquo;adh\u00e9rents. C&rsquo;est la raison pour laquelle, par la voix de sa pr\u00e9sidente, le Lacydon lance \u00ab\u00a0un appel \u00e0 ses anciens pour participer \u00e0 cette journ\u00e9e festive et de partage\u00a0\u00bb qui se tiendra dans les locaux du 2, impasse Sainte-Fran\u00e7oise (2e).\u00a0<\/p>\n<p>Renseignements et inscriptions au 04 91 90 96 70<\/p>\n","protected":false},"excerpt":{"rendered":"On conna\u00eet l&rsquo;association du Lacydon surtout pour la Pastorale Audibert, interpr\u00e9t\u00e9e en fran\u00e7ais, que ses membres continuent de&hellip;\n","protected":false},"author":2,"featured_media":26685,"comment_status":"","ping_status":"","sticky":false,"template":"","format":"standard","meta":{"footnotes":""},"categories":[2814],"tags":[17,1111,11,7431,1777,674,1011,27,9445,9446,9447,884,12,9444,882,16,25,2407],"class_list":{"0":"post-26684","1":"post","2":"type-post","3":"status-publish","4":"format-standard","5":"has-post-thumbnail","7":"category-marseille","8":"tag-17","9":"tag-actu","10":"tag-actualites","11":"tag-appel","12":"tag-eu","13":"tag-europe","14":"tag-fr","15":"tag-france","16":"tag-lassociation","17":"tag-lacydon","18":"tag-lance","19":"tag-marseille","20":"tag-news","21":"tag-panier","22":"tag-provence-alpes-cote-dazur","23":"tag-region","24":"tag-republique-francaise","25":"tag-ses"},"share_on_mastodon":{"url":"https:\/\/pubeurope.com\/@fr\/114342361094534419","error":""},"_links":{"self":[{"href":"https:\/\/www.europesays.com\/fr\/wp-json\/wp\/v2\/posts\/26684","targetHints":{"allow":["GET"]}}],"collection":[{"href":"https:\/\/www.europesays.com\/fr\/wp-json\/wp\/v2\/posts"}],"about":[{"href":"https:\/\/www.europesays.com\/fr\/wp-json\/wp\/v2\/types\/post"}],"author":[{"embeddable":true,"href":"https:\/\/www.europesays.com\/fr\/wp-json\/wp\/v2\/users\/2"}],"replies":[{"embeddable":true,"href":"https:\/\/www.europesays.com\/fr\/wp-json\/wp\/v2\/comments?post=26684"}],"version-history":[{"count":0,"href":"https:\/\/www.europesays.com\/fr\/wp-json\/wp\/v2\/posts\/26684\/revisions"}],"wp:featuredmedia":[{"embeddable":true,"href":"https:\/\/www.europesays.com\/fr\/wp-json\/wp\/v2\/media\/26685"}],"wp:attachment":[{"href":"https:\/\/www.europesays.com\/fr\/wp-json\/wp\/v2\/media?parent=26684"}],"wp:term":[{"taxonomy":"category","embeddable":true,"href":"https:\/\/www.europesays.com\/fr\/wp-json\/wp\/v2\/categories?post=26684"},{"taxonomy":"post_tag","embeddable":true,"href":"https:\/\/www.europesays.com\/fr\/wp-json\/wp\/v2\/tags?post=26684"}],"curies":[{"name":"wp","href":"https:\/\/api.w.org\/{rel}","templated":true}]}}