{"id":266846,"date":"2025-07-23T00:40:13","date_gmt":"2025-07-23T00:40:13","guid":{"rendered":"https:\/\/www.europesays.com\/fr\/266846\/"},"modified":"2025-07-23T00:40:13","modified_gmt":"2025-07-23T00:40:13","slug":"a-piegut-pluviers-alex-stalenberg-presente-son-livre-electron-libre","status":"publish","type":"post","link":"https:\/\/www.europesays.com\/fr\/266846\/","title":{"rendered":"\u00c0 Pi\u00e9gut-Pluviers, Alex Stalenberg pr\u00e9sente son livre \u00ab\u00a0\u00c9lectron libre\u00a0\u00bb"},"content":{"rendered":"<p>Mardi 15\u00a0juillet, Alex Stalenberg, habitant de Pi\u00e9gut-Pluviers, s\u2019exprimait sur son ouvrage \u00ab\u00a0\u00c9lectron libre\u00a0\u00bb. Il est devenu un libre-penseur, un artiste dont le besoin de s\u2019exprimer est immense.<\/p>\n<p>\u00ab\u00a0Il m\u2019a \u00e9t\u00e9 demand\u00e9 d\u2019\u00e9crire un livre sur l\u2019art de la pierre et j\u2019ai essay\u00e9 un livre de monographie, raconte-t-il. Pour les textes, j\u2019\u00e9tais soutenu par des amis. La pr\u00e9face est de Philippe-Louis Coudray.\u00a0\u00bb<\/p>\n<p>Activit\u00e9 artistique \u00e0 Paris<\/p>\n<p>C\u2019est dans l\u2019architecture d\u2019espaces collectifs qu\u2019Alex Stalenberg a pleinement d\u00e9ploy\u00e9 son talent. Originaire des Pays-Bas, il est arriv\u00e9 en France en 1985. Entr\u00e9 en entreprise, il s\u2019est consacr\u00e9 \u00e9galement au b\u00e9n\u00e9volat pendant dix ans. En 1992, il s\u2019est plac\u00e9 au service de la communaut\u00e9 artistique parisienne.<\/p>\n<p>En 1996 \u00e0 Belleville, il a accompagn\u00e9 l\u2019artiste Fran\u00e7ois Giovangigli au lyc\u00e9e Diderot, ferm\u00e9 depuis 1990, et qui offrait 22\u00a0000 m\u00e8tres carr\u00e9s d\u2019espace de cr\u00e9ation.<\/p>\n<p>Il a \u00e9galement \u00e9t\u00e9 directeur artistique du P\u00f4le Pi, un ancien \u00e9tablissement r\u00e9am\u00e9nag\u00e9, qui s\u2019inscrit dans la continuit\u00e9 d\u2019autres espaces autog\u00e9r\u00e9s.<\/p>\n<p>Un artiste passionn\u00e9<\/p>\n<p>Ces \u00ab\u00a0SquArts\u00a0\u00bb, comme on les appelle alors, proposent des ateliers, dans un contexte parisien marqu\u00e9 par la rar\u00e9faction de tels lieux. Toutes les disciplines artistiques y sont repr\u00e9sent\u00e9es. Pour Alex Stalenberg, la pierre et le travail de cette derni\u00e8re sont plus qu\u2019une passion.<\/p>\n<p>Cette activit\u00e9 repr\u00e9sente pour lui un processus reliant la mati\u00e8re \u00e0 son imagination. Ce sculpteur n\u00e9erlandais cherche \u00e0 \u00e9tablir un dialogue entre l\u2019esprit et la mati\u00e8re, et chaque \u0153uvre est con\u00e7ue selon une approche intuitive.<\/p>\n<p>Contact au 07\u00a084\u00a082\u00a028\u00a025. Son ouvrage est en vente chez lui ou en librairie, au prix de 25 euros.<\/p>\n","protected":false},"excerpt":{"rendered":"Mardi 15\u00a0juillet, Alex Stalenberg, habitant de Pi\u00e9gut-Pluviers, s\u2019exprimait sur son ouvrage \u00ab\u00a0\u00c9lectron libre\u00a0\u00bb. Il est devenu un libre-penseur,&hellip;\n","protected":false},"author":2,"featured_media":266847,"comment_status":"","ping_status":"","sticky":false,"template":"","format":"standard","meta":{"footnotes":""},"categories":[1357],"tags":[1379,58,59,1011,27,1380],"class_list":{"0":"post-266846","1":"post","2":"type-post","3":"status-publish","4":"format-standard","5":"has-post-thumbnail","7":"category-livres","8":"tag-books","9":"tag-divertissement","10":"tag-entertainment","11":"tag-fr","12":"tag-france","13":"tag-livres"},"share_on_mastodon":{"url":"https:\/\/pubeurope.com\/@fr\/114899768023163322","error":""},"_links":{"self":[{"href":"https:\/\/www.europesays.com\/fr\/wp-json\/wp\/v2\/posts\/266846","targetHints":{"allow":["GET"]}}],"collection":[{"href":"https:\/\/www.europesays.com\/fr\/wp-json\/wp\/v2\/posts"}],"about":[{"href":"https:\/\/www.europesays.com\/fr\/wp-json\/wp\/v2\/types\/post"}],"author":[{"embeddable":true,"href":"https:\/\/www.europesays.com\/fr\/wp-json\/wp\/v2\/users\/2"}],"replies":[{"embeddable":true,"href":"https:\/\/www.europesays.com\/fr\/wp-json\/wp\/v2\/comments?post=266846"}],"version-history":[{"count":0,"href":"https:\/\/www.europesays.com\/fr\/wp-json\/wp\/v2\/posts\/266846\/revisions"}],"wp:featuredmedia":[{"embeddable":true,"href":"https:\/\/www.europesays.com\/fr\/wp-json\/wp\/v2\/media\/266847"}],"wp:attachment":[{"href":"https:\/\/www.europesays.com\/fr\/wp-json\/wp\/v2\/media?parent=266846"}],"wp:term":[{"taxonomy":"category","embeddable":true,"href":"https:\/\/www.europesays.com\/fr\/wp-json\/wp\/v2\/categories?post=266846"},{"taxonomy":"post_tag","embeddable":true,"href":"https:\/\/www.europesays.com\/fr\/wp-json\/wp\/v2\/tags?post=266846"}],"curies":[{"name":"wp","href":"https:\/\/api.w.org\/{rel}","templated":true}]}}