{"id":266848,"date":"2025-07-23T00:41:29","date_gmt":"2025-07-23T00:41:29","guid":{"rendered":"https:\/\/www.europesays.com\/fr\/266848\/"},"modified":"2025-07-23T00:41:29","modified_gmt":"2025-07-23T00:41:29","slug":"les-gens-aiment-quon-leur-crie-dessus-apres-la-tele-pascal-le-grand-frere-lance-sa-salle-de-sport-dans-loise","status":"publish","type":"post","link":"https:\/\/www.europesays.com\/fr\/266848\/","title":{"rendered":"\u00ab\u00a0Les gens aiment qu\u2019on leur crie dessus\u00a0\u00bb\u00a0: apr\u00e8s la t\u00e9l\u00e9, Pascal le Grand Fr\u00e8re lance sa salle de sport dans l\u2019Oise"},"content":{"rendered":"<p class=\"paragraph text_align_left lp-f-body-02\">Pour sa nouvelle <a href=\"https:\/\/www.leparisien.fr\/economie\/les-salles-de-fitness-toujours-a-la-peine-presque-4-ans-apres-le-coup-darret-du-covid-04-02-2024-U4M7XXSZ7JH67CX7W3XVPKZ5SE.php\" target=\"_self\" rel=\"noopener\">salle de sport<\/a>, intitul\u00e9e Neo Form et install\u00e9e \u00e0 Saint-Maximin (Oise),<a href=\"https:\/\/www.instagram.com\/pascalsoetens\/\" target=\"_self\" rel=\"noopener\"> le coach sportif<\/a> souhaite se d\u00e9marquer en ne proposant que des cours encadr\u00e9s. \u00ab J\u2019ai remarqu\u00e9 que les gens aiment qu\u2019on leur crie dessus. \u00c7a les motive ! \u00bb, ajoute-t-il. Une m\u00e9thode qu\u2019il cultive et qui a fait ses preuves, comme dans ses \u00e9missions cultes, celle \u00e9ponyme puis notamment \u00ab SOS, ma famille a besoin d\u2019aide \u00bb. Ce passionn\u00e9 d\u2019arts martiaux n\u2019en est d\u2019ailleurs pas \u00e0 son coup d\u2019essai, puisqu\u2019il poss\u00e8de depuis trente ans une autre salle de sport \u00e0 Senlis (Oise).<\/p>\n<p><script async src=\"\/\/www.instagram.com\/embed.js\"><\/script><\/p>\n","protected":false},"excerpt":{"rendered":"Pour sa nouvelle salle de sport, intitul\u00e9e Neo Form et install\u00e9e \u00e0 Saint-Maximin (Oise), le coach sportif souhaite&hellip;\n","protected":false},"author":2,"featured_media":266849,"comment_status":"","ping_status":"","sticky":false,"template":"","format":"standard","meta":{"footnotes":""},"categories":[1356],"tags":[58,59,1011,27,1944,1940,252,1364],"class_list":{"0":"post-266848","1":"post","2":"type-post","3":"status-publish","4":"format-standard","5":"has-post-thumbnail","7":"category-television","8":"tag-divertissement","9":"tag-entertainment","10":"tag-fr","11":"tag-france","12":"tag-ma-ville","13":"tag-oise","14":"tag-television","15":"tag-tv"},"share_on_mastodon":{"url":"https:\/\/pubeurope.com\/@fr\/114899772045372452","error":""},"_links":{"self":[{"href":"https:\/\/www.europesays.com\/fr\/wp-json\/wp\/v2\/posts\/266848","targetHints":{"allow":["GET"]}}],"collection":[{"href":"https:\/\/www.europesays.com\/fr\/wp-json\/wp\/v2\/posts"}],"about":[{"href":"https:\/\/www.europesays.com\/fr\/wp-json\/wp\/v2\/types\/post"}],"author":[{"embeddable":true,"href":"https:\/\/www.europesays.com\/fr\/wp-json\/wp\/v2\/users\/2"}],"replies":[{"embeddable":true,"href":"https:\/\/www.europesays.com\/fr\/wp-json\/wp\/v2\/comments?post=266848"}],"version-history":[{"count":0,"href":"https:\/\/www.europesays.com\/fr\/wp-json\/wp\/v2\/posts\/266848\/revisions"}],"wp:featuredmedia":[{"embeddable":true,"href":"https:\/\/www.europesays.com\/fr\/wp-json\/wp\/v2\/media\/266849"}],"wp:attachment":[{"href":"https:\/\/www.europesays.com\/fr\/wp-json\/wp\/v2\/media?parent=266848"}],"wp:term":[{"taxonomy":"category","embeddable":true,"href":"https:\/\/www.europesays.com\/fr\/wp-json\/wp\/v2\/categories?post=266848"},{"taxonomy":"post_tag","embeddable":true,"href":"https:\/\/www.europesays.com\/fr\/wp-json\/wp\/v2\/tags?post=266848"}],"curies":[{"name":"wp","href":"https:\/\/api.w.org\/{rel}","templated":true}]}}