{"id":266850,"date":"2025-07-23T00:42:16","date_gmt":"2025-07-23T00:42:16","guid":{"rendered":"https:\/\/www.europesays.com\/fr\/266850\/"},"modified":"2025-07-23T00:42:16","modified_gmt":"2025-07-23T00:42:16","slug":"camille-lellouche-bouleversee-la-chanteuse-a-sauve-une-vie","status":"publish","type":"post","link":"https:\/\/www.europesays.com\/fr\/266850\/","title":{"rendered":"Camille Lellouche boulevers\u00e9e : la chanteuse a sauv\u00e9 une vie"},"content":{"rendered":"<p>      R\u00e9sum\u00e9<\/p>\n<p>Camille Lellouche a appris que sa chanson sur les violences conjugales avait aid\u00e9 une fan \u00e0 porter plainte et \u00e0 retrouver la force de se battre.<\/p>\n<p>        Sommaire<\/p>\n<p>\u00ab\u00a0<strong>Je me suis dit qu&rsquo;il faut que j&rsquo;en parle<\/strong> parce que, par rapport \u00e0 mon parcours, \u00e0 mon histoire, l\u00e0 o\u00f9 j&rsquo;en suis aujourd&rsquo;hui, \u00e7a va aider, \u00e7a va \u00eatre utile\u00a0\u00bb. C&rsquo;est ce que <a href=\"https:\/\/www.public.fr\/camille-lellouche-victime-de-violences-conjugales-son-combat-contre-les-sequelles-qui-lempechent-de-vivre-normalement\" target=\"_blank\" rel=\"noopener\">Camille Lellouche avait confi\u00e9 \u00e0 Guillaume Pley<\/a> en septembre 2024. <\/p>\n<p>En 2021, sa chanson \u00ab\u00a0N&rsquo;insiste pas\u00a0\u00bb \u00e9tait sortie dans les bacs et sur les plateformes. On y entendait la chanteuse pleurer <strong>en criant \u00e0 son ex \u00ab\u00a0tu m&rsquo;as cass\u00e9 la gueule\u00a0\u00bb.<\/strong> Et, quelques ann\u00e9es plus tard, celle qui est depuis devenue <a href=\"https:\/\/vsd.fr\/70035-jhabite-dans-un-60m2-et-on-est-3-camille-lellouche-honnete-sur-sa-fortune\/\" target=\"_blank\" rel=\"noopener\">maman d&rsquo;une petite Alma<\/a> a re\u00e7u une belle satisfaction. <\/p>\n<p>Sur Instagram, une fan lui a \u00e9crit un message bouleversant. Elle lui a dit : \u00ab\u00a0Bonjour Camille, tu ne liras sans doute pas ce message, mais je voulais te remercier parce qu&rsquo;en janvier, <strong>j&rsquo;ai r\u00e9ussi \u00e0 porter plainte pour violences conjugales\u00a0\u00bb. <\/strong><\/p>\n<p>Sa chanson a sauv\u00e9 une vie<\/p>\n<p>Cette derni\u00e8re lui a expliqu\u00e9 : \u00ab\u00a0ta musique &lsquo;N&rsquo;insiste pas&rsquo; m&rsquo;a suivie et port\u00e9e pendant toute la proc\u00e9dure\u00a0\u00bb. Et d&rsquo;ajouter : \u00ab\u00a0Donc merci \u00e0 toi, continue ce que tu fais,<strong> tu ne fais pas que de l&rsquo;art, tu sauves des vies\u00a0\u00bb. <\/strong><\/p>\n<p><img loading=\"lazy\" decoding=\"async\" width=\"578\" height=\"1024\" src=\"data:image\/svg+xml,%3Csvg%20xmlns=\" http:=\"\" alt=\"Camille Lellouche boulevers\u00e9e : la chanteuse a sauv\u00e9 une vie\" data-lazy- data-lazy- data-lazy-src=\"https:\/\/www.europesays.com\/fr\/wp-content\/uploads\/2025\/07\/Capture-decran-2025-07-22-a-15.54.50-578x1024.png\"\/><\/p>\n<p>Et c&rsquo;est pourtant avec r\u00e9ticence que Camille Lellouche avait accept\u00e9 de parler de cette \u00e9poque terrible de sa vie. D&rsquo;abord, c&rsquo;\u00e9tait \u00e0 la t\u00e9l\u00e9vision, dans \u00ab\u00a0Sept \u00e0 huit\u00a0\u00bb face \u00e0 Audrey Crespo-Mara.<\/p>\n<p>Camille Lellouche avait expliqu\u00e9 comment \u00e0 19 ans, alors qu&rsquo;elle \u00e9tait en bac pro commerce, en lyc\u00e9e professionnel, elle avait rencontr\u00e9 un homme. D\u2019abord <strong>\u00ab\u00a0s\u00e9ducteur, charmeur, tr\u00e8s intelligent\u00a0\u00bb, un mois plus tard, il \u00e9tait devenu violent. <\/strong><\/p>\n<p>Elle avait alors subi \u00ab\u00a0les violences psychologiques tous les jours, et <strong>physiques tout le temps<\/strong>, trois ou quatre fois par semaine\u00a0\u00bb, sans pouvoir partir, jamais. <\/p>\n<p>L&rsquo;enfer qu&rsquo;a v\u00e9cu Camille Lellouche<\/p>\n<p>Le pire \u00e9tait arriv\u00e9 le jour o\u00f9 elle avait urin\u00e9 sur elle-m\u00eame, de peur de mourir sous les coups de son bourreau. Elle avait ensuite dormi dans son pyjama mouill\u00e9, sans bouger&#8230;<\/p>\n<p><strong>Vingt ans apr\u00e8s son calvaire<\/strong>, sa r\u00e9silience est telle qu&rsquo;une autre femme n&rsquo;aura pas \u00e0 subir plus longtemps ce qu&rsquo;elle a endur\u00e9. Chapeau.<\/p>\n<p>      Mentionn\u00e9s dans cet article<\/p>\n<p>\u00c0 lire aussi<\/p>\n","protected":false},"excerpt":{"rendered":"R\u00e9sum\u00e9 Camille Lellouche a appris que sa chanson sur les violences conjugales avait aid\u00e9 une fan \u00e0 porter&hellip;\n","protected":false},"author":2,"featured_media":266851,"comment_status":"","ping_status":"","sticky":false,"template":"","format":"standard","meta":{"footnotes":""},"categories":[1355],"tags":[35953,1695,58,59,1011,27,1361,873,5903],"class_list":{"0":"post-266850","1":"post","2":"type-post","3":"status-publish","4":"format-standard","5":"has-post-thumbnail","7":"category-musique","8":"tag-camille-lellouche","9":"tag-chanson","10":"tag-divertissement","11":"tag-entertainment","12":"tag-fr","13":"tag-france","14":"tag-music","15":"tag-musique","16":"tag-violence-conjugale"},"share_on_mastodon":{"url":"https:\/\/pubeurope.com\/@fr\/114899776152003445","error":""},"_links":{"self":[{"href":"https:\/\/www.europesays.com\/fr\/wp-json\/wp\/v2\/posts\/266850","targetHints":{"allow":["GET"]}}],"collection":[{"href":"https:\/\/www.europesays.com\/fr\/wp-json\/wp\/v2\/posts"}],"about":[{"href":"https:\/\/www.europesays.com\/fr\/wp-json\/wp\/v2\/types\/post"}],"author":[{"embeddable":true,"href":"https:\/\/www.europesays.com\/fr\/wp-json\/wp\/v2\/users\/2"}],"replies":[{"embeddable":true,"href":"https:\/\/www.europesays.com\/fr\/wp-json\/wp\/v2\/comments?post=266850"}],"version-history":[{"count":0,"href":"https:\/\/www.europesays.com\/fr\/wp-json\/wp\/v2\/posts\/266850\/revisions"}],"wp:featuredmedia":[{"embeddable":true,"href":"https:\/\/www.europesays.com\/fr\/wp-json\/wp\/v2\/media\/266851"}],"wp:attachment":[{"href":"https:\/\/www.europesays.com\/fr\/wp-json\/wp\/v2\/media?parent=266850"}],"wp:term":[{"taxonomy":"category","embeddable":true,"href":"https:\/\/www.europesays.com\/fr\/wp-json\/wp\/v2\/categories?post=266850"},{"taxonomy":"post_tag","embeddable":true,"href":"https:\/\/www.europesays.com\/fr\/wp-json\/wp\/v2\/tags?post=266850"}],"curies":[{"name":"wp","href":"https:\/\/api.w.org\/{rel}","templated":true}]}}