{"id":266854,"date":"2025-07-23T00:44:45","date_gmt":"2025-07-23T00:44:45","guid":{"rendered":"https:\/\/www.europesays.com\/fr\/266854\/"},"modified":"2025-07-23T00:44:45","modified_gmt":"2025-07-23T00:44:45","slug":"les-scientifiques-ont-decouvert-un-nouveau-symptome-de-la-maladie-dalzheimer-qui-apparait-la-nuit-un-neurologue-le-confirme","status":"publish","type":"post","link":"https:\/\/www.europesays.com\/fr\/266854\/","title":{"rendered":"Les scientifiques ont d\u00e9couvert un nouveau sympt\u00f4me de la maladie d&rsquo;Alzheimer qui appara\u00eet la nuit : un neurologue le confirme"},"content":{"rendered":"<p>En France, d\u2019apr\u00e8s les derni\u00e8res estimations, 1,2 million de personnes pourraient \u00eatre touch\u00e9es par Alzheimer ou une maladie apparent\u00e9e. Il s&rsquo;agit de la forme de d\u00e9mence la plus connue. Cette maladie neurod\u00e9g\u00e9n\u00e9rative se caract\u00e9rise par la d\u00e9g\u00e9n\u00e9rescence des cellules nerveuses, ce qui implique une perte progressive de la m\u00e9moire et de certaines fonctions intellectuelles (cognitives) conduisant \u00e0 des r\u00e9percussions dans les activit\u00e9s de la vie quotidienne. De plus en plus d&rsquo;\u00e9tudes font le lien entre la maladie d&rsquo;Alzheimer et des sympt\u00f4mes, qui ne sont pas la perte de m\u00e9moire. C&rsquo;est le cas d&rsquo;une recherche publi\u00e9e derni\u00e8rement dans la revue Alzheimer&rsquo;s &amp; Dementia. Elle s&rsquo;est pench\u00e9e sp\u00e9cifiquement sur le lien entre le sommeil paradoxal et la maladie d&rsquo;Alzheimer.<\/p>\n<p>Les personnes qui mettent plus de temps \u00e0 atteindre le stade du sommeil paradoxal seraient plus \u00e0 risque<\/p>\n<p>Pour mener \u00e0 bien cette \u00e9tude, les chercheurs ont \u00e9tudi\u00e9 le temps n\u00e9cessaire dont n\u00e9cessitaient 123 personnes pour atteindre le sommeil paradoxal (REM) pour la premi\u00e8re fois apr\u00e8s s&rsquo;\u00eatre endormies, ainsi que plusieurs biomarqueurs li\u00e9s \u00e0 la maladie d&rsquo;Alzheimer. Le sommeil paradoxal correspond \u00e0 une p\u00e9riode durant laquelle l&rsquo;activit\u00e9 c\u00e9r\u00e9brale est proche de celle de la phase d&rsquo;\u00e9veil. Il est aussi appel\u00e9 p\u00e9riode REM (Rapid Eye Mouvement) en raison de fr\u00e9quents mouvements oculaires rapides (sous les paupi\u00e8res ferm\u00e9es). Le sommeil paradoxal est une phase du sommeil important (&#8230;)<\/p>\n<p><a href=\"https:\/\/www.topsante.com\/medecine\/maladies_neurologiques\/les-scientifiques-ont-decouvert-un-nouveau-symptome-de-la-maladie-dalzheimer-qui-apparait-la-nuit-un-neurologue-le-confirme-921613?utm_campaign=partenariat&amp;utm_source=yahoo-articles&amp;utm_medium=flux\" rel=\"nofollow noopener\" target=\"_blank\" data-ylk=\"slk:Lire la suite sur Top Sant\u00e9;elm:context_link;itc:0;sec:content-canvas\" class=\"link \">Lire la suite sur Top Sant\u00e9<\/a><\/p>\n<p><a href=\"https:\/\/www.topsante.com\/nutrition_et_recettes\/bien_choisir_ses_aliments\/cette-confiture-est-la-seule-qui-ne-fait-pas-grimper-la-glycemie-921587?utm_campaign=partenariat&amp;utm_source=yahoo-articles&amp;utm_medium=flux\" rel=\"nofollow noopener\" target=\"_blank\" data-ylk=\"slk:Cette confiture est la seule qui ne fait pas grimper la glyc\u00e9mie;elm:context_link;itc:0;sec:content-canvas\" class=\"link \">Cette confiture est la seule qui ne fait pas grimper la glyc\u00e9mie<\/a><br \/><a href=\"https:\/\/www.topsante.com\/medecine\/accidents_et_traumatismes\/premiers_secours\/jouer-a-senterrer-dans-le-sable-quels-risques-pour-la-sante-921429?utm_campaign=partenariat&amp;utm_source=yahoo-articles&amp;utm_medium=flux\" rel=\"nofollow noopener\" target=\"_blank\" data-ylk=\"slk:Jouer \u00e0 s&#039;enterrer dans le sable : quels risques pour la sant\u00e9 ?;elm:context_link;itc:0;sec:content-canvas\" class=\"link \">Jouer \u00e0 s&rsquo;enterrer dans le sable : quels risques pour la sant\u00e9 ?<\/a><br \/><a href=\"https:\/\/www.topsante.com\/nutrition_et_recettes\/manger_equilibre\/voici-pourquoi-vous-faites-les-pires-choix-alimentaires-lorsque-vous-avez-faim-et-3-astuces-pour-ne-pas-tomber-dans-le-piege-que-vous-tend-votre-cerveau-921528?utm_campaign=partenariat&amp;utm_source=yahoo-articles&amp;utm_medium=flux\" rel=\"nofollow noopener\" target=\"_blank\" data-ylk=\"slk:Voici pourquoi vous faites les pires choix alimentaires lorsque vous avez faim... et 3 astuces pour ne pas tomber dans le pi\u00e8ge que vous tend votre cerveau;elm:context_link;itc:0;sec:content-canvas\" class=\"link \">Voici pourquoi vous faites les pires choix alimentaires lorsque vous avez faim&#8230; et 3 astuces pour ne pas tomber dans le pi\u00e8ge que vous tend votre cerveau<\/a><br \/><a href=\"https:\/\/www.topsante.com\/medecine\/troubles_cardiovasculaires\/insuffisance_cardiaque\/voici-ce-que-les-japonais-mangent-tous-les-jours-au-petit-dejeuner-pour-vivre-plus-de-100-ans-en-gardant-toutes-leurs-fonctions-cerebrales-et-en-france-nous-lignorons-921484?utm_campaign=partenariat&amp;utm_source=yahoo-articles&amp;utm_medium=flux\" rel=\"nofollow noopener\" target=\"_blank\" data-ylk=\"slk:Voici ce que les Japonais mangent tous les jours au petit-d\u00e9jeuner pour vivre plus de 100 ans en gardant toutes leurs fonctions c\u00e9r\u00e9brales, et en France nous l&#039;ignorons;elm:context_link;itc:0;sec:content-canvas\" class=\"link \">Voici ce que les Japonais mangent tous les jours au petit-d\u00e9jeuner pour vivre plus de 100 ans en gardant toutes leurs fonctions c\u00e9r\u00e9brales, et en France nous l&rsquo;ignorons<\/a><br \/><a href=\"https:\/\/www.topsante.com\/minceur\/nutrition_minceur\/cet-aliment-surprenant-du-petit-dejeuner-ma-aide-a-perdre-5kg-en-1-mois-921522?utm_campaign=partenariat&amp;utm_source=yahoo-articles&amp;utm_medium=flux\" rel=\"nofollow noopener\" target=\"_blank\" data-ylk=\"slk:&quot;Cet aliment surprenant du petit-d\u00e9jeuner m\u2019a aid\u00e9 \u00e0 perdre 5kg en 1 mois&quot;;elm:context_link;itc:0;sec:content-canvas\" class=\"link \">\u00ab\u00a0Cet aliment surprenant du petit-d\u00e9jeuner m\u2019a aid\u00e9 \u00e0 perdre 5kg en 1 mois\u00a0\u00bb<\/a><\/p>\n","protected":false},"excerpt":{"rendered":"En France, d\u2019apr\u00e8s les derni\u00e8res estimations, 1,2 million de personnes pourraient \u00eatre touch\u00e9es par Alzheimer ou une maladie&hellip;\n","protected":false},"author":2,"featured_media":266855,"comment_status":"","ping_status":"","sticky":false,"template":"","format":"standard","meta":{"footnotes":""},"categories":[10],"tags":[772,40643,1011,27,72,277,40644,71,10080],"class_list":{"0":"post-266854","1":"post","2":"type-post","3":"status-publish","4":"format-standard","5":"has-post-thumbnail","7":"category-sante","8":"tag-alzheimer","9":"tag-dernieres-estimations","10":"tag-fr","11":"tag-france","12":"tag-health","13":"tag-maladie-dalzheimer","14":"tag-perte-de-memoire","15":"tag-sante","16":"tag-sommeil-paradoxal"},"share_on_mastodon":{"url":"https:\/\/pubeurope.com\/@fr\/114899783664974197","error":""},"_links":{"self":[{"href":"https:\/\/www.europesays.com\/fr\/wp-json\/wp\/v2\/posts\/266854","targetHints":{"allow":["GET"]}}],"collection":[{"href":"https:\/\/www.europesays.com\/fr\/wp-json\/wp\/v2\/posts"}],"about":[{"href":"https:\/\/www.europesays.com\/fr\/wp-json\/wp\/v2\/types\/post"}],"author":[{"embeddable":true,"href":"https:\/\/www.europesays.com\/fr\/wp-json\/wp\/v2\/users\/2"}],"replies":[{"embeddable":true,"href":"https:\/\/www.europesays.com\/fr\/wp-json\/wp\/v2\/comments?post=266854"}],"version-history":[{"count":0,"href":"https:\/\/www.europesays.com\/fr\/wp-json\/wp\/v2\/posts\/266854\/revisions"}],"wp:featuredmedia":[{"embeddable":true,"href":"https:\/\/www.europesays.com\/fr\/wp-json\/wp\/v2\/media\/266855"}],"wp:attachment":[{"href":"https:\/\/www.europesays.com\/fr\/wp-json\/wp\/v2\/media?parent=266854"}],"wp:term":[{"taxonomy":"category","embeddable":true,"href":"https:\/\/www.europesays.com\/fr\/wp-json\/wp\/v2\/categories?post=266854"},{"taxonomy":"post_tag","embeddable":true,"href":"https:\/\/www.europesays.com\/fr\/wp-json\/wp\/v2\/tags?post=266854"}],"curies":[{"name":"wp","href":"https:\/\/api.w.org\/{rel}","templated":true}]}}