{"id":266858,"date":"2025-07-23T00:47:31","date_gmt":"2025-07-23T00:47:31","guid":{"rendered":"https:\/\/www.europesays.com\/fr\/266858\/"},"modified":"2025-07-23T00:47:31","modified_gmt":"2025-07-23T00:47:31","slug":"un-an-apres-sa-mort-la-ville-de-douchy-lui-rendra-hommage","status":"publish","type":"post","link":"https:\/\/www.europesays.com\/fr\/266858\/","title":{"rendered":"un an apr\u00e8s sa mort, la ville de Douchy lui rendra hommage"},"content":{"rendered":"<p>La commune du Loiret organisera le 18 ao\u00fbt, une c\u00e9r\u00e9monie d\u00e9di\u00e9e \u00e0 l\u2019acteur fran\u00e7ais disparu. Afin d\u2019honorer sa m\u00e9moire, le stade de la ville portera son nom tandis qu\u2019un documentaire sera projet\u00e9.<\/p>\n<p class=\"fig-paragraph\">Une c\u00e9r\u00e9monie en hommage \u00e0\u00a0<a href=\"http:\/\/www.lefigaro.fr\/culture\/alain-delon-anouchka-demande-et-obtient-le-report-du-proces-contre-ses-deux-freres-20250410\" data-fig-type=\"NewsFlash\" data-gtm-custom-categorie=\"navigation\" data-gtm-custom-action=\"crossclick\" data-gtm-custom-label=\"Contextuel\" data-gtm-event=\"customEventSPE\" data-fig-domain=\"LEFIGARO\" target=\"_blank\" rel=\"noopener\">Alain Delon<\/a>, monstre sacr\u00e9 du cin\u00e9ma, sera organis\u00e9e le 18 ao\u00fbt prochain, un an jour pour jour apr\u00e8s sa mort, \u00e0 Douchy-Montcorbon (Loiret) o\u00f9 l&rsquo;acteur a \u00e9t\u00e9 inhum\u00e9, a-t-on appris aupr\u00e8s du maire.<\/p>\n<p class=\"fig-paragraph\">Le stade de football de la commune portera d\u00e9sormais \u00ab\u00a0le nom d&rsquo;Alain Delon\u00a0\u00bb. Une projection du film documentaire \u00ab\u00a0Delon-Douchy\u00a0\u00bb, reviendra \u00ab\u00a0sur la relation entre l&rsquo;acteur et la commune\u00a0\u00bb, a pr\u00e9cis\u00e9 \u00e0 l&rsquo;AFP le maire Abel Martin, confirmant une information du quotidien r\u00e9gional La R\u00e9publique du Centre. Contact\u00e9 par l&rsquo;AFP,\u00a0<a href=\"http:\/\/www.lefigaro.fr\/j-aurais-du-mal-a-avoir-20-ans-a-cette-epoque-anthony-delon-et-la-nostalgie-des-annees-80-20241128\" data-fig-type=\"NewsFlash\" data-gtm-custom-categorie=\"navigation\" data-gtm-custom-action=\"crossclick\" data-gtm-custom-label=\"Contextuel\" data-gtm-event=\"customEventSPE\" data-fig-domain=\"LEFIGARO\" target=\"_blank\" rel=\"noopener\">Anthony Delon<\/a>, le fils a\u00een\u00e9 de l&rsquo;artiste, a indiqu\u00e9 que cet hommage a \u00e9t\u00e9 organis\u00e9 \u00ab\u00a0avec l&rsquo;accord des enfants\u00a0\u00bb, mais que sa pr\u00e9sence, celle de sa s\u0153ur et de son fr\u00e8re \u00ab\u00a0ne sont pas certaines \u00e0 ce jour\u00a0\u00bb.<\/p>\n<p>                                    <a class=\"fig-a11y-skip a11y-hidden\" href=\"#fig-a11y-skip-main-inarticle\"><br \/>\n        Passer la publicit\u00e9<br \/>\n    <\/a><\/p>\n<p>Une c\u00e9r\u00e9monie d\u00e9coup\u00e9e en deux temps<\/p>\n<p class=\"fig-paragraph\">La premi\u00e8re partie de la c\u00e9r\u00e9monie, pr\u00e9vue en d\u00e9but d&rsquo;apr\u00e8s-midi au terrain de football, \u00ab\u00a0contigu \u00e0 la propri\u00e9t\u00e9 d\u2019Alain Delon\u00a0\u00bb, se tiendra \u00ab\u00a0sur invitation, en pr\u00e9sence des autorit\u00e9s, et donc sans public\u00a0\u00bb, a pr\u00e9cis\u00e9 le maire. Une plaque doit \u00eatre d\u00e9voil\u00e9e, mais aucune retransmission n&rsquo;est pr\u00e9vue. \u00ab\u00a0La projection, en revanche, est pr\u00e9vue \u00e0 18\u00a0h dans la salle des f\u00eates de Montcorbon\u00a0\u00bb, en pr\u00e9sence de la r\u00e9alisatrice Ghislaine Graillet, et ouverte au public muni de billet d&rsquo;entr\u00e9e, a ajout\u00e9 l\u2019\u00e9lu.<\/p>\n<p class=\"fig-paragraph\">Alain Delon, l\u00e9gende mondiale du cin\u00e9ma, a \u00e9t\u00e9<a href=\"http:\/\/www.lefigaro.fr\/culture\/obseques-d-alain-delon-comme-l-enterrement-d-un-grand-parrain-en-sicile-selon-nicole-calfan-20240826\" data-fig-type=\"NewsFlash\" data-gtm-custom-categorie=\"navigation\" data-gtm-custom-action=\"crossclick\" data-gtm-custom-label=\"Contextuel\" data-gtm-event=\"customEventSPE\" data-fig-domain=\"LEFIGARO\" target=\"_blank\" rel=\"noopener\">\u00a0inhum\u00e9 le 24 ao\u00fbt dernier<\/a>, quelques jours apr\u00e8s son d\u00e9c\u00e8s le 18 ao\u00fbt \u00e0 l&rsquo;\u00e2ge de 88 ans, dans la plus stricte intimit\u00e9 de la chapelle de sa propri\u00e9t\u00e9 de Douchy. L&rsquo;acteur\u00a0<a href=\"http:\/\/www.lefigaro.fr\/culture\/alain-delon-et-sa-passion-pour-les-chiens-20240819\" data-fig-type=\"Article\" data-gtm-custom-categorie=\"navigation\" data-gtm-custom-action=\"crossclick\" data-gtm-custom-label=\"Contextuel\" data-gtm-event=\"customEventSPE\" data-fig-domain=\"LEFIGARO\" target=\"_blank\" rel=\"noopener\">repose pr\u00e8s de ses chiens, comme il le souhaitait<\/a>, une proc\u00e9dure exceptionnelle qui a n\u00e9cessit\u00e9 une autorisation pr\u00e9fectorale. Le jour des obs\u00e8ques, mais aussi durant les jours qui ont pr\u00e9c\u00e9d\u00e9, plusieurs centaines d&rsquo;admirateurs s&rsquo;\u00e9taient rassembl\u00e9es devant les grilles du domaine pour lui rendre un dernier hommage.<\/p>\n","protected":false},"excerpt":{"rendered":"La commune du Loiret organisera le 18 ao\u00fbt, une c\u00e9r\u00e9monie d\u00e9di\u00e9e \u00e0 l\u2019acteur fran\u00e7ais disparu. Afin d\u2019honorer sa&hellip;\n","protected":false},"author":2,"featured_media":266859,"comment_status":"","ping_status":"","sticky":false,"template":"","format":"standard","meta":{"footnotes":""},"categories":[8],"tags":[253,5960,58,59,1011,27,4879],"class_list":{"0":"post-266858","1":"post","2":"type-post","3":"status-publish","4":"format-standard","5":"has-post-thumbnail","7":"category-divertissement","8":"tag-acteur","9":"tag-alain-delon","10":"tag-divertissement","11":"tag-entertainment","12":"tag-fr","13":"tag-france","14":"tag-hommage"},"share_on_mastodon":{"url":"https:\/\/pubeurope.com\/@fr\/114899795424155222","error":""},"_links":{"self":[{"href":"https:\/\/www.europesays.com\/fr\/wp-json\/wp\/v2\/posts\/266858","targetHints":{"allow":["GET"]}}],"collection":[{"href":"https:\/\/www.europesays.com\/fr\/wp-json\/wp\/v2\/posts"}],"about":[{"href":"https:\/\/www.europesays.com\/fr\/wp-json\/wp\/v2\/types\/post"}],"author":[{"embeddable":true,"href":"https:\/\/www.europesays.com\/fr\/wp-json\/wp\/v2\/users\/2"}],"replies":[{"embeddable":true,"href":"https:\/\/www.europesays.com\/fr\/wp-json\/wp\/v2\/comments?post=266858"}],"version-history":[{"count":0,"href":"https:\/\/www.europesays.com\/fr\/wp-json\/wp\/v2\/posts\/266858\/revisions"}],"wp:featuredmedia":[{"embeddable":true,"href":"https:\/\/www.europesays.com\/fr\/wp-json\/wp\/v2\/media\/266859"}],"wp:attachment":[{"href":"https:\/\/www.europesays.com\/fr\/wp-json\/wp\/v2\/media?parent=266858"}],"wp:term":[{"taxonomy":"category","embeddable":true,"href":"https:\/\/www.europesays.com\/fr\/wp-json\/wp\/v2\/categories?post=266858"},{"taxonomy":"post_tag","embeddable":true,"href":"https:\/\/www.europesays.com\/fr\/wp-json\/wp\/v2\/tags?post=266858"}],"curies":[{"name":"wp","href":"https:\/\/api.w.org\/{rel}","templated":true}]}}