{"id":266860,"date":"2025-07-23T00:49:23","date_gmt":"2025-07-23T00:49:23","guid":{"rendered":"https:\/\/www.europesays.com\/fr\/266860\/"},"modified":"2025-07-23T00:49:23","modified_gmt":"2025-07-23T00:49:23","slug":"taillee-pour-le-home-cinema-cette-barre-de-son-lg-voit-son-prix-seffondrer-cet-ete","status":"publish","type":"post","link":"https:\/\/www.europesays.com\/fr\/266860\/","title":{"rendered":"Taill\u00e9e pour le home-cin\u00e9ma, cette barre de son LG voit son prix s&rsquo;effondrer cet \u00e9t\u00e9"},"content":{"rendered":"<p><strong>Appr\u00e9ci\u00e9e pour sa polyvalence et son rendu audio tr\u00e8s immersif, la barre de son LG S70TY b\u00e9n\u00e9ficie d\u2019une superbe promotion chez Son-Vid\u00e9o.<\/strong><\/p>\n<p>\u00c0 l\u2019heure actuelle, nombreux sont les cin\u00e9philes qui souhaitent s\u2019\u00e9quiper d\u2019enceintes dignes de ce nom pour pouvoir profiter \u2013 entre autres \u2013 <strong>des effets audio surround et des basses fr\u00e9quences<\/strong> de leurs programmes favoris et \u00e9viter <a href=\"https:\/\/www.ecranlarge.com\/high-tech\/conseils\/7-problemes-audio-tv-2025\" rel=\"nofollow noopener\" target=\"_blank\">ces probl\u00e8mes audio<\/a> qui d\u00e9rangent encore les acheteurs sur les TV actuelles. Encore faut-il avoir le budget pour investir dans des mod\u00e8les de qualit\u00e9\u2026<\/p>\n<p>Mais \u00e7a tombe bien, car plusieurs fabricants ont r\u00e9cemment appliqu\u00e9 <strong>des remises tr\u00e8s int\u00e9ressantes<\/strong> sur leurs barres de son. C\u2019est le cas de LG et de son pack S70TY, qui se retrouve \u00e0 <a href=\"https:\/\/fliz.ly\/Q71Ka_w\" target=\"_blank\" rel=\"noreferrer noopener nofollow sponsored\">un prix exceptionnellement bas sur le site de Son-Vid\u00e9o<\/a>. Coup d\u2019\u0153il sur cet ensemble de home-cin\u00e9ma.<\/p>\n<p>La barre de son LG S70TY \u00e0 259 \u20ac : pourquoi c\u2019est un bon plan ?<\/p>\n<p>Habituellement commercialis\u00e9e \u00e0 <strong>349 \u20ac chez Son-Vid\u00e9o<\/strong>, la barre de son LG S70TY profite des soldes d\u2019\u00e9t\u00e9 pour voir son tarif passer <a href=\"https:\/\/fliz.ly\/Q71Ka_w\" target=\"_blank\" rel=\"noreferrer noopener nofollow sponsored\">sous la barre des 260 \u20ac<\/a> en ce mois de juillet 2025. Un bon plan \u00e0 ne pas manquer, d\u2019autant plus <strong>qu\u2019il risque de ne pas durer<\/strong>.<\/p>\n<p><img decoding=\"async\" alt=\"\" src=\"https:\/\/www.europesays.com\/fr\/wp-content\/uploads\/2025\/04\/Favicon.png\"\/><\/p>\n<p>Par ailleurs, les clients semblent globalement satisfaits puisqu\u2019ils lui ont donn\u00e9 <strong>une note de 4,3\/5<\/strong> (parmi plus de 4 500 avis Google), et que d\u2019autres m\u00e9dias ont salu\u00e9 ses nombreuses qualit\u00e9s comme <strong>le \u00ab\u00a0son \u00e9quilibr\u00e9\u00a0\u00bb et la \u00ab\u00a0grande sensation d\u2019espace\u00a0\u00bb<\/strong> d\u00e8s la premi\u00e8re utilisation. De quoi convaincre les acheteurs les plus h\u00e9sitants.<\/p>\n<p><img loading=\"lazy\" decoding=\"async\" width=\"1200\" height=\"670\" alt=\"barre de son LG S70TY vue du dessus\" src=\"https:\/\/www.europesays.com\/fr\/wp-content\/uploads\/2025\/07\/barre-de-son-lg-s70ty-vue-du-dessus.jpg\"  \/><\/p>\n<p>Niveau design, cette barre de son LG n\u2019a rien \u00e0 envier \u00e0 ses rivales.Quels sont les points forts de la barre de son LG S70TY ?<\/p>\n<p>Cela fait maintenant plusieurs ann\u00e9es que la marque LG con\u00e7oit <strong>des barres de son d\u00e9di\u00e9es au home-cin\u00e9ma<\/strong>. Et elle le fait bien, comme en t\u00e9moigne son mod\u00e8le LG S70TY avec <strong>son syst\u00e8me 3.1.1 canaux<\/strong> et son caisson de basses sans fil.<\/p>\n<p><img loading=\"lazy\" decoding=\"async\" width=\"1200\" height=\"670\" alt=\"Dolby Atmos et DTS-X sur la barre de son LG S70TY\" src=\"https:\/\/www.europesays.com\/fr\/wp-content\/uploads\/2025\/07\/dolby-atmos-et-dts-x-sur-la-barre-de-son-lg-s70ty.jpg\"  \/><\/p>\n<p>Presque comme au cin\u00e9ma.<\/p>\n<p>Tout d\u2019abord, elle peut compter sur <strong>sa compatibilit\u00e9 DTS:X et Dolby Atmos<\/strong> pour offrir des effets d\u2019audio 3D immersifs aux spectateurs, et leur donner la sensation d\u2019\u00eatre au milieu d\u2019une bulle sonore qui les enveloppe. De plus, <strong>la technologie WOW Orchestra<\/strong> lui permet de se synchroniser avec les haut-parleurs d\u2019une TV LG pour enrichir le rendu sonore.<\/p>\n<p>Gr\u00e2ce \u00e0 ses <strong>7 haut-parleurs orient\u00e9s dans plusieurs directions<\/strong> et ses nombreux modules d\u2019amplification, la barre de son LG S70TY peut atteindre une belle puissance de 400 watts, sans oublier son subwoofer qui vient appuyer les basses fr\u00e9quences pour donner <strong>encore plus d\u2019impact et de profondeur<\/strong> au son.<\/p>\n<p><img decoding=\"async\" alt=\"\" src=\"https:\/\/www.europesays.com\/fr\/wp-content\/uploads\/2025\/04\/Favicon.png\"\/><\/p>\n<p>De plus, cette barre de son profite de <strong>la technologie AI Sound Pro<\/strong> qui s\u2019adapte aux programmes pour ajuster automatiquement les r\u00e9glages sonores, ainsi qu\u2019AI Room Calibration qui analyse les caract\u00e9ristiques de la pi\u00e8ce pour que <strong>le rendu soit le plus clair possible<\/strong>. Parfait pour pouvoir monter le volume sans distorsion.<\/p>\n<p>Et pour terminer, elle dispose d\u2019une connectique fournie avec <strong>une entr\u00e9e HDMI 2.1 et une sortie compatible<\/strong> <a href=\"https:\/\/www.ecranlarge.com\/high-tech\/conseils\/hdmi-arc-ou-earc\" rel=\"nofollow noopener\" target=\"_blank\">eARC<\/a> pour pouvoir la relier facilement \u00e0 votre t\u00e9l\u00e9viseur, et <strong>tirer toute la quintessence du son<\/strong> qu\u2019elle est capable de d\u00e9livrer. Sans oublier la prise en charge de plusieurs normes gaming telles que le VRR et ALLM, ainsi que <strong>les contenus Dolby Vision et HDR10<\/strong>.<\/p>\n<p><img loading=\"lazy\" decoding=\"async\" width=\"1200\" height=\"670\" alt=\"gaming avec la barre de son LG S70TY\" src=\"https:\/\/www.europesays.com\/fr\/wp-content\/uploads\/2025\/07\/gaming-avec-la-barre-de-son-lg-s70ty.jpg\"  \/><\/p>\n<p>Attention de ne pas r\u00e9veiller les voisins\u2026<\/p>\n<p>En conclusion, cette barre de son LG S70TY est un excellent choix pour les f\u00e9rus de films, s\u00e9ries, jeux vid\u00e9o et autres comp\u00e9titions sportives \u00e0 la recherche d\u2019une enceinte \u00e0 la fois <strong>abordable, polyvalente, compacte et relativement puissante<\/strong> (du moins, suffisamment pour un salon). Gr\u00e2ce \u00e0 sa connectivit\u00e9 \u00e9tendue (HDMI 2.1 eARC, c\u00e2ble optique, Bluetooth\u2026), ses fonctionnalit\u00e9s boost\u00e9es par l\u2019IA, son caisson de basses sans fil et sa compatibilit\u00e9 avec DTS:X et Dolby Atmos, elle permet aux spectateurs de <strong>s\u2019immerger pleinement dans leurs programmes pr\u00e9f\u00e9r\u00e9s.<\/strong> Et tout \u00e7a pour seulement <a href=\"https:\/\/fliz.ly\/Q71Ka_w\" target=\"_blank\" rel=\"noreferrer noopener nofollow sponsored\">259 \u20ac chez Son-Vid\u00e9o en ce moment.<\/a><\/p>\n<p><img decoding=\"async\" alt=\"\" src=\"https:\/\/www.europesays.com\/fr\/wp-content\/uploads\/2025\/04\/Favicon.png\"\/><\/p>\n","protected":false},"excerpt":{"rendered":"Appr\u00e9ci\u00e9e pour sa polyvalence et son rendu audio tr\u00e8s immersif, la barre de son LG S70TY b\u00e9n\u00e9ficie d\u2019une&hellip;\n","protected":false},"author":2,"featured_media":266861,"comment_status":"","ping_status":"","sticky":false,"template":"","format":"standard","meta":{"footnotes":""},"categories":[7],"tags":[1011,27,43,40,41,39,42,44],"class_list":{"0":"post-266860","1":"post","2":"type-post","3":"status-publish","4":"format-standard","5":"has-post-thumbnail","7":"category-sciences-et-technologies","8":"tag-fr","9":"tag-france","10":"tag-science","11":"tag-science-and-technology","12":"tag-sciences","13":"tag-sciences-et-technologies","14":"tag-technologies","15":"tag-technology"},"share_on_mastodon":{"url":"https:\/\/pubeurope.com\/@fr\/114899803528608587","error":""},"_links":{"self":[{"href":"https:\/\/www.europesays.com\/fr\/wp-json\/wp\/v2\/posts\/266860","targetHints":{"allow":["GET"]}}],"collection":[{"href":"https:\/\/www.europesays.com\/fr\/wp-json\/wp\/v2\/posts"}],"about":[{"href":"https:\/\/www.europesays.com\/fr\/wp-json\/wp\/v2\/types\/post"}],"author":[{"embeddable":true,"href":"https:\/\/www.europesays.com\/fr\/wp-json\/wp\/v2\/users\/2"}],"replies":[{"embeddable":true,"href":"https:\/\/www.europesays.com\/fr\/wp-json\/wp\/v2\/comments?post=266860"}],"version-history":[{"count":0,"href":"https:\/\/www.europesays.com\/fr\/wp-json\/wp\/v2\/posts\/266860\/revisions"}],"wp:featuredmedia":[{"embeddable":true,"href":"https:\/\/www.europesays.com\/fr\/wp-json\/wp\/v2\/media\/266861"}],"wp:attachment":[{"href":"https:\/\/www.europesays.com\/fr\/wp-json\/wp\/v2\/media?parent=266860"}],"wp:term":[{"taxonomy":"category","embeddable":true,"href":"https:\/\/www.europesays.com\/fr\/wp-json\/wp\/v2\/categories?post=266860"},{"taxonomy":"post_tag","embeddable":true,"href":"https:\/\/www.europesays.com\/fr\/wp-json\/wp\/v2\/tags?post=266860"}],"curies":[{"name":"wp","href":"https:\/\/api.w.org\/{rel}","templated":true}]}}