{"id":266862,"date":"2025-07-23T00:50:18","date_gmt":"2025-07-23T00:50:18","guid":{"rendered":"https:\/\/www.europesays.com\/fr\/266862\/"},"modified":"2025-07-23T00:50:18","modified_gmt":"2025-07-23T00:50:18","slug":"comment-le-gouvernement-compte-durcir-les-conditions-dindemnisation","status":"publish","type":"post","link":"https:\/\/www.europesays.com\/fr\/266862\/","title":{"rendered":"comment le gouvernement compte durcir les\u00a0conditions d&rsquo;indemnisation"},"content":{"rendered":"<p>Les\u00a0ruptures conventionnelles sont dans le viseur du gouvernement.\u00a0Selon\u00a0les informations de La\u00a0Tribune,\u00a0le minist\u00e8re du Travail\u00a0compte mettre en place\u00a0une carence suppl\u00e9mentaire avant indemnisation, c&rsquo;est-\u00e0-dire un d\u00e9lai rallong\u00e9 avant\u00a0de percevoir le ch\u00f4mage \u00e0 la suite d&rsquo;une rupture conventionnelle. Ce d\u00e9lai est actuellement de sept jours minimum, voire plus\u00a0en fonction du montant l&rsquo;indemnit\u00e9 sp\u00e9cifique de rupture conventionnelle. Il pourrait \u00eatre prolong\u00e9\u00a0pour dissuader\u00a0ceux qui n&rsquo;utilisent pas ce dispositif \u00e0 bon escient, aux yeux du gouvernement. Il n&rsquo;y aurait en revanche pas de changement de l&rsquo;indemnisation, selon nos informations.<\/p>\n<p>Cette piste reste soumise\u00a0\u00e0 la n\u00e9gociation\u00a0des partenaires sociaux.\u00a0Lors de la pr\u00e9sentation de son plan budg\u00e9taire mardi dernier,\u00a0Fran\u00e7ois Bayrou\u00a0leur a propos\u00e9 d&rsquo;ouvrir des n\u00e9gociations sur l&rsquo;assurance ch\u00f4mage et le droit du travail. La ministre du Travail et de l&rsquo;Emploi, Astrid Panosyan-Bouvet, a pr\u00e9cis\u00e9 dans la foul\u00e9e que les discussions sur l&rsquo;assurance ch\u00f4mage viseraient notamment \u00e0 affiner\u00a0les \u00ab\u00a0conditions d&rsquo;indemnisation des ruptures conventionnelles\u00a0\u00bb, objets de \u00ab\u00a0beaucoup d&rsquo;abus\u00a0\u00bb.<\/p>\n","protected":false},"excerpt":{"rendered":"Les\u00a0ruptures conventionnelles sont dans le viseur du gouvernement.\u00a0Selon\u00a0les informations de La\u00a0Tribune,\u00a0le minist\u00e8re du Travail\u00a0compte mettre en place\u00a0une carence&hellip;\n","protected":false},"author":2,"featured_media":266863,"comment_status":"","ping_status":"","sticky":false,"template":"","format":"standard","meta":{"footnotes":""},"categories":[6],"tags":[17,35,20,9705,40646,19702,33,34,1011,27,418,40647,40645],"class_list":{"0":"post-266862","1":"post","2":"type-post","3":"status-publish","4":"format-standard","5":"has-post-thumbnail","7":"category-economie","8":"tag-17","9":"tag-business","10":"tag-comment","11":"tag-compte","12":"tag-conventionnelles","13":"tag-durcir","14":"tag-economie","15":"tag-economy","16":"tag-fr","17":"tag-france","18":"tag-gouvernement","19":"tag-les-conditions","20":"tag-ruptures"},"share_on_mastodon":{"url":"https:\/\/pubeurope.com\/@fr\/114899807396354482","error":""},"_links":{"self":[{"href":"https:\/\/www.europesays.com\/fr\/wp-json\/wp\/v2\/posts\/266862","targetHints":{"allow":["GET"]}}],"collection":[{"href":"https:\/\/www.europesays.com\/fr\/wp-json\/wp\/v2\/posts"}],"about":[{"href":"https:\/\/www.europesays.com\/fr\/wp-json\/wp\/v2\/types\/post"}],"author":[{"embeddable":true,"href":"https:\/\/www.europesays.com\/fr\/wp-json\/wp\/v2\/users\/2"}],"replies":[{"embeddable":true,"href":"https:\/\/www.europesays.com\/fr\/wp-json\/wp\/v2\/comments?post=266862"}],"version-history":[{"count":0,"href":"https:\/\/www.europesays.com\/fr\/wp-json\/wp\/v2\/posts\/266862\/revisions"}],"wp:featuredmedia":[{"embeddable":true,"href":"https:\/\/www.europesays.com\/fr\/wp-json\/wp\/v2\/media\/266863"}],"wp:attachment":[{"href":"https:\/\/www.europesays.com\/fr\/wp-json\/wp\/v2\/media?parent=266862"}],"wp:term":[{"taxonomy":"category","embeddable":true,"href":"https:\/\/www.europesays.com\/fr\/wp-json\/wp\/v2\/categories?post=266862"},{"taxonomy":"post_tag","embeddable":true,"href":"https:\/\/www.europesays.com\/fr\/wp-json\/wp\/v2\/tags?post=266862"}],"curies":[{"name":"wp","href":"https:\/\/api.w.org\/{rel}","templated":true}]}}