{"id":266876,"date":"2025-07-23T01:08:41","date_gmt":"2025-07-23T01:08:41","guid":{"rendered":"https:\/\/www.europesays.com\/fr\/266876\/"},"modified":"2025-07-23T01:08:41","modified_gmt":"2025-07-23T01:08:41","slug":"deux-camions-transportant-des-matieres-dangereuses-interceptes-dans-le-tunnel-de-la-grand-mare","status":"publish","type":"post","link":"https:\/\/www.europesays.com\/fr\/266876\/","title":{"rendered":"deux camions transportant des mati\u00e8res dangereuses intercept\u00e9s dans le tunnel de la Grand-Mare"},"content":{"rendered":"<p>\t\t\t\t <a href=\"https:\/\/www.infonormandie.com\/javascript:void(0)\" rel=\"https:\/\/www.europesays.com\/fr\/wp-content\/uploads\/2025\/07\/90046590-63567326.jpg&amp;ibox nofollow noopener\" title=\"Bilan : 14 infractions relev\u00e9es, dont 12 li\u00e9es au transport de mati\u00e8res dangereuses. Un des transporteurs a d\u00fb s\u2019acquitter sur place d\u2019une consignation de 4 500 euros. - Photo Pr\u00e9fecture de Seine-Maritime\" target=\"_blank\"><img decoding=\"async\" class=\"responsive\" style=\"display:none\" src=\"https:\/\/www.europesays.com\/fr\/wp-content\/uploads\/2025\/07\/90046590-63567326.jpg\" alt=\"Bilan : 14 infractions relev\u00e9es, dont 12 li\u00e9es au transport de mati\u00e8res dangereuses. Un des transporteurs a d\u00fb s\u2019acquitter sur place d\u2019une consignation de 4 500 euros. - Photo Pr\u00e9fecture de Seine-Maritime\" title=\"Bilan : 14 infractions relev\u00e9es, dont 12 li\u00e9es au transport de mati\u00e8res dangereuses. Un des transporteurs a d\u00fb s\u2019acquitter sur place d\u2019une consignation de 4 500 euros. - Photo Pr\u00e9fecture de Seine-Maritime\" \/><br \/>\n<img decoding=\"async\" class=\"not-responsive\" src=\"https:\/\/www.europesays.com\/fr\/wp-content\/uploads\/2025\/07\/1753232921_706_90046590-63567326.jpg\" alt=\"Bilan : 14 infractions relev\u00e9es, dont 12 li\u00e9es au transport de mati\u00e8res dangereuses. Un des transporteurs a d\u00fb s\u2019acquitter sur place d\u2019une consignation de 4 500 euros. - Photo Pr\u00e9fecture de Seine-Maritime\" title=\"Bilan : 14 infractions relev\u00e9es, dont 12 li\u00e9es au transport de mati\u00e8res dangereuses. Un des transporteurs a d\u00fb s\u2019acquitter sur place d\u2019une consignation de 4 500 euros. - Photo Pr\u00e9fecture de Seine-Maritime\" width=\"758\" \/><\/a><\/p>\n<p>\n\t\t\t\t\t Bilan : 14 infractions relev\u00e9es, dont 12 li\u00e9es au transport de mati\u00e8res dangereuses. Un des transporteurs a d\u00fb s\u2019acquitter sur place d\u2019une consignation de 4 500 euros. &#8211; Photo Pr\u00e9fecture de Seine-Maritime\n\t\t\t\t <\/p>\n<p>\t\t\t\t\t Dans le cadre de la pr\u00e9vention des risques majeurs li\u00e9s au transport de mati\u00e8res dangereuses, une op\u00e9ration de contr\u00f4le cibl\u00e9e s\u2019est tenue d\u00e8s 5h30, le mardi 16 juillet, dans le tunnel de la Grand-Mare \u00e0 Rouen. Cette intervention a \u00e9t\u00e9 men\u00e9e conjointement par le bureau contr\u00f4le des transports de la Dreal Normandie (Direction r\u00e9gionale de l\u2019environnement, de l\u2019am\u00e9nagement et du logement) et les forces de la gendarmerie. <\/p>\n<p>Ce tunnel, situ\u00e9 sur la RN28 et emprunt\u00e9 chaque jour par pr\u00e8s de 42 000 v\u00e9hicules, est strictement interdit aux poids lourds transportant des mati\u00e8res dangereuses depuis novembre 2011. Une interdiction justifi\u00e9e par les risques majeurs en milieu confin\u00e9 : incendie, explosion, \u00e9manations toxiques\u2026 Des dangers qui ont d\u00e9j\u00e0 conduit \u00e0 des catastrophes, comme l\u2019incendie dramatique du tunnel du Mont-Blanc en 1999, rappelle la pr\u00e9fecture de Seine-Maritime, dans un communiqu\u00e9..\n\t\t\t\t <\/p>\n","protected":false},"excerpt":{"rendered":"Bilan : 14 infractions relev\u00e9es, dont 12 li\u00e9es au transport de mati\u00e8res dangereuses. Un des transporteurs a d\u00fb&hellip;\n","protected":false},"author":2,"featured_media":266877,"comment_status":"","ping_status":"","sticky":false,"template":"","format":"standard","meta":{"footnotes":""},"categories":[9587],"tags":[1111,11,1777,674,1011,27,1934,12,5161,25,9590,5163],"class_list":{"0":"post-266876","1":"post","2":"type-post","3":"status-publish","4":"format-standard","5":"has-post-thumbnail","7":"category-rouen","8":"tag-actu","9":"tag-actualites","10":"tag-eu","11":"tag-europe","12":"tag-fr","13":"tag-france","14":"tag-infos-locales","15":"tag-news","16":"tag-normandie","17":"tag-republique-francaise","18":"tag-rouen","19":"tag-seine-maritime"},"share_on_mastodon":{"url":"https:\/\/pubeurope.com\/@fr\/114899878116933682","error":""},"_links":{"self":[{"href":"https:\/\/www.europesays.com\/fr\/wp-json\/wp\/v2\/posts\/266876","targetHints":{"allow":["GET"]}}],"collection":[{"href":"https:\/\/www.europesays.com\/fr\/wp-json\/wp\/v2\/posts"}],"about":[{"href":"https:\/\/www.europesays.com\/fr\/wp-json\/wp\/v2\/types\/post"}],"author":[{"embeddable":true,"href":"https:\/\/www.europesays.com\/fr\/wp-json\/wp\/v2\/users\/2"}],"replies":[{"embeddable":true,"href":"https:\/\/www.europesays.com\/fr\/wp-json\/wp\/v2\/comments?post=266876"}],"version-history":[{"count":0,"href":"https:\/\/www.europesays.com\/fr\/wp-json\/wp\/v2\/posts\/266876\/revisions"}],"wp:featuredmedia":[{"embeddable":true,"href":"https:\/\/www.europesays.com\/fr\/wp-json\/wp\/v2\/media\/266877"}],"wp:attachment":[{"href":"https:\/\/www.europesays.com\/fr\/wp-json\/wp\/v2\/media?parent=266876"}],"wp:term":[{"taxonomy":"category","embeddable":true,"href":"https:\/\/www.europesays.com\/fr\/wp-json\/wp\/v2\/categories?post=266876"},{"taxonomy":"post_tag","embeddable":true,"href":"https:\/\/www.europesays.com\/fr\/wp-json\/wp\/v2\/tags?post=266876"}],"curies":[{"name":"wp","href":"https:\/\/api.w.org\/{rel}","templated":true}]}}