{"id":26688,"date":"2025-04-15T14:06:10","date_gmt":"2025-04-15T14:06:10","guid":{"rendered":"https:\/\/www.europesays.com\/fr\/26688\/"},"modified":"2025-04-15T14:06:10","modified_gmt":"2025-04-15T14:06:10","slug":"culture-300-iserois-preparent-le-defile-de-la-biennale-de-la-danse-de-lyon","status":"publish","type":"post","link":"https:\/\/www.europesays.com\/fr\/26688\/","title":{"rendered":"Culture. 300 Is\u00e9rois pr\u00e9parent le d\u00e9fil\u00e9 de la Biennale de la danse de Lyon"},"content":{"rendered":"<p>Tous les deux ans, le festival d\u00e9marre en fanfare. \u00c0 la fa\u00e7on des \u00e9coles de samba \u00e0 Rio, les \u00e9coles de danse de la r\u00e9gion s\u2019emparent d\u2019une art\u00e8re centrale de Lyon pour offrir aux spectateurs un cort\u00e8ge festif, color\u00e9 et parfois surprenant qui manifeste la joie des danseurs et la vitalit\u00e9 de la danse contemporaine.<\/p>\n<p>\u00ab\u00a0\u00c0 chaque \u00e9dition, l\u2019\u00e9quipe de la biennale propose un th\u00e8me que les chor\u00e9graphes revisitent selon leurs styles de danse\u00a0\u00bb, explique Bouba Landrille Tchouda, le&#8230;<\/p>\n","protected":false},"excerpt":{"rendered":"Tous les deux ans, le festival d\u00e9marre en fanfare. \u00c0 la fa\u00e7on des \u00e9coles de samba \u00e0 Rio,&hellip;\n","protected":false},"author":2,"featured_media":26689,"comment_status":"","ping_status":"","sticky":false,"template":"","format":"standard","meta":{"footnotes":""},"categories":[1889],"tags":[1111,11,2430,1687,112,1777,674,1011,27,2731,2732,108,2428,12,25,9448,104],"class_list":{"0":"post-26688","1":"post","2":"type-post","3":"status-publish","4":"format-standard","5":"has-post-thumbnail","7":"category-lyon","8":"tag-actu","9":"tag-actualites","10":"tag-auvergne-rhone-alpes","11":"tag-culture-loisirs","12":"tag-edition-grenoble-agglomeration","13":"tag-eu","14":"tag-europe","15":"tag-fr","16":"tag-france","17":"tag-grenoble","18":"tag-grenoble-bassin","19":"tag-isere","20":"tag-lyon","21":"tag-news","22":"tag-republique-francaise","23":"tag-saint-martin-dheres","24":"tag-societe"},"share_on_mastodon":{"url":"https:\/\/pubeurope.com\/@fr\/114342368971269599","error":""},"_links":{"self":[{"href":"https:\/\/www.europesays.com\/fr\/wp-json\/wp\/v2\/posts\/26688","targetHints":{"allow":["GET"]}}],"collection":[{"href":"https:\/\/www.europesays.com\/fr\/wp-json\/wp\/v2\/posts"}],"about":[{"href":"https:\/\/www.europesays.com\/fr\/wp-json\/wp\/v2\/types\/post"}],"author":[{"embeddable":true,"href":"https:\/\/www.europesays.com\/fr\/wp-json\/wp\/v2\/users\/2"}],"replies":[{"embeddable":true,"href":"https:\/\/www.europesays.com\/fr\/wp-json\/wp\/v2\/comments?post=26688"}],"version-history":[{"count":0,"href":"https:\/\/www.europesays.com\/fr\/wp-json\/wp\/v2\/posts\/26688\/revisions"}],"wp:featuredmedia":[{"embeddable":true,"href":"https:\/\/www.europesays.com\/fr\/wp-json\/wp\/v2\/media\/26689"}],"wp:attachment":[{"href":"https:\/\/www.europesays.com\/fr\/wp-json\/wp\/v2\/media?parent=26688"}],"wp:term":[{"taxonomy":"category","embeddable":true,"href":"https:\/\/www.europesays.com\/fr\/wp-json\/wp\/v2\/categories?post=26688"},{"taxonomy":"post_tag","embeddable":true,"href":"https:\/\/www.europesays.com\/fr\/wp-json\/wp\/v2\/tags?post=26688"}],"curies":[{"name":"wp","href":"https:\/\/api.w.org\/{rel}","templated":true}]}}