{"id":266881,"date":"2025-07-23T01:12:17","date_gmt":"2025-07-23T01:12:17","guid":{"rendered":"https:\/\/www.europesays.com\/fr\/266881\/"},"modified":"2025-07-23T01:12:17","modified_gmt":"2025-07-23T01:12:17","slug":"comme-attendu-quentin-merlin-quitte-marseille-et-rejoint-valentin-rongier-a-rennes","status":"publish","type":"post","link":"https:\/\/www.europesays.com\/fr\/266881\/","title":{"rendered":"comme attendu, Quentin Merlin quitte Marseille et rejoint Valentin Rongier \u00e0 Rennes"},"content":{"rendered":"<p>Le lat\u00e9ral de 23 ans a paraph\u00e9 un contrat de 4 ans avec le Stade Rennais, 12e de la derni\u00e8re saison de Ligue 1.<\/p>\n<p class=\"fig-paragraph\">Le lat\u00e9ral gauche Quentin Merlin a sign\u00e9 jusqu\u2019en 2029 avec le Stade Rennais, o\u00f9 il rejoint son co\u00e9quipier\u00a0<a href=\"http:\/\/www.lefigaro.fr\/sports\/football\/transferts\/ligue-1-valentin-rongier-rejoint-officiellement-le-stade-rennais-20250722\" data-fig-type=\"NewsFlash\" data-gtm-custom-categorie=\"navigation\" data-gtm-custom-action=\"crossclick\" data-gtm-custom-label=\"Contextuel\" data-gtm-event=\"customEventSPE\" data-fig-domain=\"LEFIGARO\" target=\"_blank\" rel=\"noopener\">Valentin Rongier,<\/a>\u00a0lui aussi en provenance de l\u2019OM, a annonc\u00e9 mardi le club breton. \u00abNous recherchions un lat\u00e9ral gauche talentueux et fiable. Avec Quentin Merlin, nous validons l\u2019arriv\u00e9e d\u2019un excellent espoir fran\u00e7ais pour renforcer notre assise d\u00e9fensive\u00bb, d\u00e9clare Arnaud Pouille, pr\u00e9sident ex\u00e9cutif et directeur g\u00e9n\u00e9ral du\u00a0<a href=\"http:\/\/www.lefigaro.fr\/sports\/tennis\/wimbledon\/wimbledon-bravo-arthur-l-echange-complice-entre-arthur-rinderknech-et-le-stade-rennais-apres-l-exploit-du-francais-20250702\" data-fig-type=\"NewsFlash\" data-gtm-custom-categorie=\"navigation\" data-gtm-custom-action=\"crossclick\" data-gtm-custom-label=\"Contextuel\" data-gtm-event=\"customEventSPE\" data-fig-domain=\"LEFIGARO\" target=\"_blank\" rel=\"noopener\">Stade Rennais<\/a>\u00a0dans un communiqu\u00e9.<\/p>\n<p class=\"fig-paragraph\">\u00abEn plus de qualit\u00e9s sportives ind\u00e9niables, Quentin est un tr\u00e8s bon co\u00e9quipier de vestiaire, tourn\u00e9 vers les autres\u00bb, ajoute-t-il. Vainqueur de la Coupe de France en 2022 avec Nantes, l\u2019arri\u00e8re gauche peut \u00e9galement se pr\u00e9valoir d\u2019une solide exp\u00e9rience europ\u00e9enne, acquise d\u2019abord sous les couleurs nantaises, puis dans la cit\u00e9 phoc\u00e9enne, avec laquelle il a atteint les demi-finales de la Ligue Europa en 2024.<\/p>\n<p>                                    <a class=\"fig-a11y-skip a11y-hidden\" href=\"#fig-a11y-skip-main-inarticle\"><br \/>\n        Passer la publicit\u00e9<br \/>\n    <\/a><\/p>\n<p>Un double transfert qui devrait rapporter plus de 20 millions d\u2019euros \u00e0 l\u2019OM<\/p>\n<p class=\"fig-paragraph\">Lo\u00efc D\u00e9sir\u00e9,\u00a0<a href=\"http:\/\/www.lefigaro.fr\/sports\/football\/ligue-1\/ligue-1-le-stade-rennais-officialise-loic-desire-au-poste-de-directeur-sportif-20250518\" data-fig-type=\"NewsFlash\" data-gtm-custom-categorie=\"navigation\" data-gtm-custom-action=\"crossclick\" data-gtm-custom-label=\"Contextuel\" data-gtm-event=\"customEventSPE\" data-fig-domain=\"LEFIGARO\" target=\"_blank\" rel=\"noopener\">le directeur sportif des Rouge et Noir<\/a>, met quant \u00e0 lui en avant \u00abune intelligence tactique et un important volume de jeu\u00bb chez sa jeune recrue. \u00ab\u00c0 seulement 23 ans, il enregistre d\u00e9j\u00e0 plus de 100 matches de Ligue 1 et une tr\u00e8s belle exp\u00e9rience avec les Bleuets. Gaucher, lat\u00e9ral moderne, c\u2019est un profil rare dans notre championnat\u00bb, estime-t-il.<\/p>\n<p class=\"fig-paragraph\">L\u2019international Espoirs fran\u00e7ais avait rejoint l\u2019OM en janvier 2024 et a disput\u00e9 46 matches avec cette \u00e9quipe. Lundi soir, le Stade Rennais avait d\u00e9j\u00e0 officialis\u00e9 la venue de Valentin Rongier, un ancien Nantais, \u00e9galement en provenance du club marseillais.<\/p>\n<p class=\"fig-paragraph\">L\u2019arriv\u00e9e \u00e0 Rennes du milieu de terrain de 30 ans, qui avait qualifi\u00e9 l\u2019\u00e9quipe bretonne de \u00abclub ennemi\u00bb,\u00a0<a href=\"http:\/\/www.lefigaro.fr\/sports\/football\/transferts\/foot-c-est-ca-le-football-la-blague-du-stade-rennais-a-sa-nouvelle-recrue-valentin-rongier-ancien-joueur-de-nantes-20250722\" data-fig-type=\"NewsFlash\" data-gtm-custom-categorie=\"navigation\" data-gtm-custom-action=\"crossclick\" data-gtm-custom-label=\"Contextuel\" data-gtm-event=\"customEventSPE\" data-fig-domain=\"LEFIGARO\" target=\"_blank\" rel=\"noopener\">comparant ses joueurs \u00e0 des ch\u00e8vres<\/a>\u00a0sur les r\u00e9seaux sociaux, a suscit\u00e9 de vives critiques chez certains supporters, tant rennais que nantais. Le double transfert devrait rapporter plus de 20 millions d\u2019euros \u00e0 l\u2019OM.<\/p>\n","protected":false},"excerpt":{"rendered":"Le lat\u00e9ral de 23 ans a paraph\u00e9 un contrat de 4 ans avec le Stade Rennais, 12e de&hellip;\n","protected":false},"author":2,"featured_media":266882,"comment_status":"","ping_status":"","sticky":false,"template":"","format":"standard","meta":{"footnotes":""},"categories":[2821],"tags":[1111,11,829,1777,674,1011,27,1434,12,1176,39795,584,25,3087],"class_list":{"0":"post-266881","1":"post","2":"type-post","3":"status-publish","4":"format-standard","5":"has-post-thumbnail","7":"category-rennes","8":"tag-actu","9":"tag-actualites","10":"tag-bretagne","11":"tag-eu","12":"tag-europe","13":"tag-fr","14":"tag-france","15":"tag-mercato","16":"tag-news","17":"tag-olympique-de-marseille","18":"tag-quentin-merlin","19":"tag-rennes","20":"tag-republique-francaise","21":"tag-stade-rennais"},"share_on_mastodon":{"url":"https:\/\/pubeurope.com\/@fr\/114899893771250526","error":""},"_links":{"self":[{"href":"https:\/\/www.europesays.com\/fr\/wp-json\/wp\/v2\/posts\/266881","targetHints":{"allow":["GET"]}}],"collection":[{"href":"https:\/\/www.europesays.com\/fr\/wp-json\/wp\/v2\/posts"}],"about":[{"href":"https:\/\/www.europesays.com\/fr\/wp-json\/wp\/v2\/types\/post"}],"author":[{"embeddable":true,"href":"https:\/\/www.europesays.com\/fr\/wp-json\/wp\/v2\/users\/2"}],"replies":[{"embeddable":true,"href":"https:\/\/www.europesays.com\/fr\/wp-json\/wp\/v2\/comments?post=266881"}],"version-history":[{"count":0,"href":"https:\/\/www.europesays.com\/fr\/wp-json\/wp\/v2\/posts\/266881\/revisions"}],"wp:featuredmedia":[{"embeddable":true,"href":"https:\/\/www.europesays.com\/fr\/wp-json\/wp\/v2\/media\/266882"}],"wp:attachment":[{"href":"https:\/\/www.europesays.com\/fr\/wp-json\/wp\/v2\/media?parent=266881"}],"wp:term":[{"taxonomy":"category","embeddable":true,"href":"https:\/\/www.europesays.com\/fr\/wp-json\/wp\/v2\/categories?post=266881"},{"taxonomy":"post_tag","embeddable":true,"href":"https:\/\/www.europesays.com\/fr\/wp-json\/wp\/v2\/tags?post=266881"}],"curies":[{"name":"wp","href":"https:\/\/api.w.org\/{rel}","templated":true}]}}