{"id":266885,"date":"2025-07-23T01:14:18","date_gmt":"2025-07-23T01:14:18","guid":{"rendered":"https:\/\/www.europesays.com\/fr\/266885\/"},"modified":"2025-07-23T01:14:18","modified_gmt":"2025-07-23T01:14:18","slug":"saison-2025-26-le-calendrier-est-connu","status":"publish","type":"post","link":"https:\/\/www.europesays.com\/fr\/266885\/","title":{"rendered":"Saison 2025\/26 : le calendrier est connu !"},"content":{"rendered":"<p class=\"text-align-justify chapo\"><strong>La reprise approche \u00e0 grands pas, et avec elle l\u2019excitation d\u2019une nouvelle saison de Betclic ELITE. Ce mardi, la Ligue Nationale de Basket a d\u00e9voil\u00e9 le calendrier officiel du championnat. L\u2019occasion de se projeter d\u00e8s maintenant sur les grands rendez-vous \u00e0 venir.<\/strong><\/p>\n<p>C\u2019est le week-end du <strong>27 ou 28 septembre<\/strong> que nos SIGmen feront leur entr\u00e9e en sc\u00e8ne, \u00e0 l\u2019ext\u00e9rieur, pour le coup d\u2019envoi de cette saison 2025\/26. La date pr\u00e9cise de la rencontre sera fix\u00e9e dans les prochaines semaines, en fonction des choix de diffusion de DAZN. Quoi qu\u2019il en soit, l\u2019objectif sera clair : bien d\u00e9marrer, poser les premi\u00e8res bases et entrer rapidement dans le rythme d\u2019une comp\u00e9tition qui ne laisse que peu de place \u00e0 l\u2019erreur.<br \/>\nIl faudra patienter jusqu\u2019au week-end du<strong> 4\/5 octobre pour vivre le premier match au Rhenus, face \u00e0 l\u2019ESSM Le Portel<\/strong>. Une premi\u00e8re \u00e0 la maison, toujours particuli\u00e8re, o\u00f9 les joueurs de la SIG Strasbourg auront \u00e0 c\u0153ur de lancer leur saison devant leur public.<br \/>\nS\u2019il y a bien une date que tout le monde coche d\u00e8s la sortie du calendrier, c\u2019est celle du Derby de l\u2019Est. Et cette saison, la SIG Strasbourg recevra son voisin nanc\u00e9en le week-end du 1er novembre. Un classique qui d\u00e9passe le cadre sportif et qui fait partie int\u00e9grante de l\u2019ADN du club. Le genre de match \u00e0 ne manquer sous aucun pr\u00e9texte.<br \/>\nComme la saison pass\u00e9e, le championnat r\u00e9unira 15 \u00e9quipes, avec un format toujours aussi exigeant : chaque journ\u00e9e comptera. Et pour pimenter la course aux Playoffs, les play-in seront de nouveau en vigueur. Une \u00e9tape interm\u00e9diaire disput\u00e9e entre les \u00e9quipes class\u00e9es de la 7\u00e8me \u00e0 la 10\u00e8me place \u00e0 l\u2019issue de la saison r\u00e9guli\u00e8re, sous forme de matchs aller-retour. Une chance suppl\u00e9mentaire d\u2019accrocher le Top 8\u2026 ou un pi\u00e8ge de plus \u00e0 \u00e9viter.<br \/>\nLa route est trac\u00e9e, le compte \u00e0 rebours est lanc\u00e9. Les dates sont l\u00e0, les adversaires connus, il ne reste plus qu\u2019\u00e0 se pr\u00e9parer pour vibrer ensemble lors de cette toute nouvelle saison.<\/p>\n<p class=\"text-align-justify\">\u00a0<\/p>\n<p><strong>Alors, \u00e0 vos agendas\u2026 et pr\u00eats pour une nouvelle aventure ?<\/strong><\/p>\n<p class=\"text-align-center\">\u00a0<\/p>\n<p class=\"text-align-center\">\u00a0<\/p>\n","protected":false},"excerpt":{"rendered":"La reprise approche \u00e0 grands pas, et avec elle l\u2019excitation d\u2019une nouvelle saison de Betclic ELITE. Ce mardi,&hellip;\n","protected":false},"author":2,"featured_media":266886,"comment_status":"","ping_status":"","sticky":false,"template":"","format":"standard","meta":{"footnotes":""},"categories":[2820],"tags":[1111,11,3146,1777,674,1011,27,775,3145,12,25,3144,640],"class_list":{"0":"post-266885","1":"post","2":"type-post","3":"status-publish","4":"format-standard","5":"has-post-thumbnail","7":"category-strasbourg","8":"tag-actu","9":"tag-actualites","10":"tag-betclic-elite","11":"tag-eu","12":"tag-europe","13":"tag-fr","14":"tag-france","15":"tag-grand-est","16":"tag-lnb","17":"tag-news","18":"tag-republique-francaise","19":"tag-sig","20":"tag-strasbourg"},"share_on_mastodon":{"url":"https:\/\/pubeurope.com\/@fr\/114899901740266356","error":""},"_links":{"self":[{"href":"https:\/\/www.europesays.com\/fr\/wp-json\/wp\/v2\/posts\/266885","targetHints":{"allow":["GET"]}}],"collection":[{"href":"https:\/\/www.europesays.com\/fr\/wp-json\/wp\/v2\/posts"}],"about":[{"href":"https:\/\/www.europesays.com\/fr\/wp-json\/wp\/v2\/types\/post"}],"author":[{"embeddable":true,"href":"https:\/\/www.europesays.com\/fr\/wp-json\/wp\/v2\/users\/2"}],"replies":[{"embeddable":true,"href":"https:\/\/www.europesays.com\/fr\/wp-json\/wp\/v2\/comments?post=266885"}],"version-history":[{"count":0,"href":"https:\/\/www.europesays.com\/fr\/wp-json\/wp\/v2\/posts\/266885\/revisions"}],"wp:featuredmedia":[{"embeddable":true,"href":"https:\/\/www.europesays.com\/fr\/wp-json\/wp\/v2\/media\/266886"}],"wp:attachment":[{"href":"https:\/\/www.europesays.com\/fr\/wp-json\/wp\/v2\/media?parent=266885"}],"wp:term":[{"taxonomy":"category","embeddable":true,"href":"https:\/\/www.europesays.com\/fr\/wp-json\/wp\/v2\/categories?post=266885"},{"taxonomy":"post_tag","embeddable":true,"href":"https:\/\/www.europesays.com\/fr\/wp-json\/wp\/v2\/tags?post=266885"}],"curies":[{"name":"wp","href":"https:\/\/api.w.org\/{rel}","templated":true}]}}