{"id":266887,"date":"2025-07-23T01:15:13","date_gmt":"2025-07-23T01:15:13","guid":{"rendered":"https:\/\/www.europesays.com\/fr\/266887\/"},"modified":"2025-07-23T01:15:13","modified_gmt":"2025-07-23T01:15:13","slug":"une-salle-de-sport-inedite-debarque-dans-ce-quartier","status":"publish","type":"post","link":"https:\/\/www.europesays.com\/fr\/266887\/","title":{"rendered":"une salle de sport in\u00e9dite d\u00e9barque dans ce quartier"},"content":{"rendered":"<p>            Par<br \/>\n        <strong><br \/>\n            <a href=\"https:\/\/actu.fr\/auteur\/ugo-maillard\" title=\"Consulter tous les articles de Ugo Maillard\" rel=\"nofollow noopener\" target=\"_blank\">Ugo Maillard<\/a><br \/>\n        <\/strong><\/p>\n<p>        Publi\u00e9 le<\/p>\n<p>            22 juil. 2025 \u00e0 15h59        <\/p>\n<p>Une grande nouveaut\u00e9 dans la capitale de la C\u00f4te d\u2019Azur. Selon les informations d\u2019<a href=\"https:\/\/actu.fr\/nice\/\" rel=\"nofollow noopener\" target=\"_blank\">actu Nice<\/a>, une salle l\u2019<strong>Orange Bleue<\/strong> va ouvrir ses portes dans les prochains mois.<\/p>\n<p class=\" wall-content\">C\u2019est dans le quartier de Borriglione que la salle de fitness et musculation accueillera ses premiers clients.<\/p>\n<p class=\" wall-content\">Voici tout ce que l\u2019on sait sur l\u2019arriv\u00e9e de la franchise.<\/p>\n<p>D\u00e9but d\u2019ann\u00e9e 2026<\/p>\n<p class=\" wall-content\">La salle de l\u2019Orange Bleue s\u2019installera avenue Cyril Besset, au nord de Nice. Selon Guillaume Motte, son directeur, la salle ouvrir au<strong> premier trimestre 2026<\/strong>, \u00ab\u2009en janvier dans l\u2019id\u00e9al\u2009\u00bb.<\/p>\n<p>    <a href=\"https:\/\/www.google.com\/maps\/embed?pb=!1m18!1m12!1m3!1d2883.576142767259!2d7.25051907574473!3d43.71935684815018!2m3!1f0!2f0!3f0!3m2!1i1024!2i768!4f13.1!3m3!1m2!1s0x12cdcfe4cb15baf5%3A0xf6be7d89e24c3275!2sAv.%20Cyrille%20Besset%2C%2006100%20Nice!5e0!3m2!1sfr!2sfr!4v1753189073820!5m2!1sfr!2sfr\" title=\"Ouvrie le lien\" rel=\"nofollow noopener\" target=\"_blank\">Cliquez ici pour visualiser le contenu<\/a><\/p>\n<p class=\" wall-content\">\u00ab\u2009Les travaux vont commencer\u2009pour la premi\u00e8re salle de Nice \u00bb, indique le franchis\u00e9 de 48 ans.<\/p>\n<blockquote class=\"ac-article-quote wall-content\">\n<p>L&rsquo;Orange Bleue a un ADN de salle de sport &lsquo;pour tout le monde&rsquo;, ce n&rsquo;est pas uniquement bas\u00e9 sur la performance. Notre cible est 30-60 ans.<\/p>\n<p>    <strong>Guillaume Motte<\/strong><br \/>\n        Directeur de l&rsquo;Orange Bleue de Nice    <\/p><\/blockquote>\n<p>Ouverte toute la semaine<\/p>\n<p class=\" wall-content\">Au c\u0153ur de cette salle de <strong>850 m\u00b2<\/strong> sur deux \u00e9tages, on retrouvera des salles de musculation, de cardio ainsi que des salles de cours collectifs. \u00c0 noter que deux coachs, salari\u00e9s, se baladeront dans les all\u00e9es pour livrer des conseils aux adh\u00e9rents.<\/p>\n<p class=\" wall-content\">La salle sera ouverte tous les jours de la semaine, de 6h \u00e0 23h.<\/p>\n<blockquote class=\"ac-article-quote wall-content\">\n<p>Mon ambition est d&rsquo;avoir 1500 adh\u00e9rents.<\/p>\n<p>    <strong>Guillaume Motte<\/strong><br \/>\n        Directeur de l&rsquo;Orange Bleue de Nice    <\/p><\/blockquote>\n<p class=\" wall-content\">Les tarifs seront identiques aux salles de l\u2019Orange Bleue, consultables sur le <a href=\"https:\/\/www.lorangebleue.fr\/offre\/\" rel=\"nofollow noopener\" target=\"_blank\">site de la franchise<\/a>.<\/p>\n<p>Une autre salle dans le d\u00e9partement<\/p>\n<p class=\" wall-content\">Cette future salle de sport vient d\u00e9velopper le maillage du groupe Orange Bleue dans le sud de la France.<\/p>\n<p class=\" wall-content\">Le groupe breton qui fonctionne sur un mod\u00e8le de franchise a ouvert depuis quelques mois une premi\u00e8re salle dans les Alpes-Maritimes <strong>\u00e0 Villeneuve-Loubet<\/strong>.<\/p>\n<p class=\" wall-content\">En France, on ne d\u00e9nombre pas moins de 400\u00a0salles de sport Orange Bleue.<\/p>\n<p class=\" wall-content\">Suivez toute l\u2019actualit\u00e9 de vos villes et m\u00e9dias favoris en vous inscrivant \u00e0 <a href=\"https:\/\/moncompte.actu.fr\" title=\"D\u00e9couvez Mon Actu\" rel=\"nofollow noopener\" data-trk=\"{&quot;cta&quot;:{&quot;action&quot;:&quot;https:\\\/\\\/moncompte.actu.fr&quot;,&quot;category&quot;:&quot;mon compte&quot;,&quot;from&quot;:&quot;article footer&quot;,&quot;name&quot;:&quot;Mon actu&quot;,&quot;type&quot;:&quot;cta&quot;}}\" target=\"_blank\">Mon Actu<\/a>.<\/p>\n","protected":false},"excerpt":{"rendered":"Par Ugo Maillard Publi\u00e9 le 22 juil. 2025 \u00e0 15h59 Une grande nouveaut\u00e9 dans la capitale de la&hellip;\n","protected":false},"author":2,"featured_media":266888,"comment_status":"","ping_status":"","sticky":false,"template":"","format":"standard","meta":{"footnotes":""},"categories":[2819],"tags":[1111,11,1777,674,1011,27,1305,12,2401,882,25,517],"class_list":{"0":"post-266887","1":"post","2":"type-post","3":"status-publish","4":"format-standard","5":"has-post-thumbnail","7":"category-nice","8":"tag-actu","9":"tag-actualites","10":"tag-eu","11":"tag-europe","12":"tag-fr","13":"tag-france","14":"tag-lifestyle","15":"tag-news","16":"tag-nice","17":"tag-provence-alpes-cote-dazur","18":"tag-republique-francaise","19":"tag-sport"},"share_on_mastodon":{"url":"https:\/\/pubeurope.com\/@fr\/114899905593240419","error":""},"_links":{"self":[{"href":"https:\/\/www.europesays.com\/fr\/wp-json\/wp\/v2\/posts\/266887","targetHints":{"allow":["GET"]}}],"collection":[{"href":"https:\/\/www.europesays.com\/fr\/wp-json\/wp\/v2\/posts"}],"about":[{"href":"https:\/\/www.europesays.com\/fr\/wp-json\/wp\/v2\/types\/post"}],"author":[{"embeddable":true,"href":"https:\/\/www.europesays.com\/fr\/wp-json\/wp\/v2\/users\/2"}],"replies":[{"embeddable":true,"href":"https:\/\/www.europesays.com\/fr\/wp-json\/wp\/v2\/comments?post=266887"}],"version-history":[{"count":0,"href":"https:\/\/www.europesays.com\/fr\/wp-json\/wp\/v2\/posts\/266887\/revisions"}],"wp:featuredmedia":[{"embeddable":true,"href":"https:\/\/www.europesays.com\/fr\/wp-json\/wp\/v2\/media\/266888"}],"wp:attachment":[{"href":"https:\/\/www.europesays.com\/fr\/wp-json\/wp\/v2\/media?parent=266887"}],"wp:term":[{"taxonomy":"category","embeddable":true,"href":"https:\/\/www.europesays.com\/fr\/wp-json\/wp\/v2\/categories?post=266887"},{"taxonomy":"post_tag","embeddable":true,"href":"https:\/\/www.europesays.com\/fr\/wp-json\/wp\/v2\/tags?post=266887"}],"curies":[{"name":"wp","href":"https:\/\/api.w.org\/{rel}","templated":true}]}}