{"id":26690,"date":"2025-04-15T14:07:10","date_gmt":"2025-04-15T14:07:10","guid":{"rendered":"https:\/\/www.europesays.com\/fr\/26690\/"},"modified":"2025-04-15T14:07:10","modified_gmt":"2025-04-15T14:07:10","slug":"pourquoi-les-secours-seront-nombreux-a-laeroport-lyon-bron-cet-apres-midi","status":"publish","type":"post","link":"https:\/\/www.europesays.com\/fr\/26690\/","title":{"rendered":"Pourquoi les secours seront nombreux \u00e0 l&rsquo;a\u00e9roport Lyon-Bron cet apr\u00e8s-midi"},"content":{"rendered":"<p><img loading=\"lazy\" decoding=\"async\" alt=\"\u00a9 Shutterstock - Sapeurs-pompiers et personnels de secours, forces de police et de s\u00e9curit\u00e9 seront mobilis\u00e9s \u00e0 l'a\u00e9roport Lyon-Bron ce mardi apr\u00e8s-midi.\" data-zoom-src=\"https:\/\/www.europesays.com\/fr\/wp-content\/uploads\/2025\/04\/initial-pompiers-secours-bron-25-avril-2025.jpg\" data-zoomable=\"\" height=\"702\" src=\"https:\/\/www.europesays.com\/fr\/wp-content\/uploads\/2025\/04\/initial-pompiers-secours-bron-25-avril-2025.jpg\" width=\"1248\"\/>  <\/p>\n<p class=\"article-desc\">\u00a9 Shutterstock &#8211; Sapeurs-pompiers et personnels de secours, forces de police et de s\u00e9curit\u00e9 seront mobilis\u00e9s \u00e0 l&rsquo;a\u00e9roport Lyon-Bron ce mardi apr\u00e8s-midi. <\/p>\n<p>Ce mardi 15 avril 2025 apr\u00e8s-midi, les automobilistes et riverains de l&rsquo;<strong>a\u00e9roport Lyon-Bron<\/strong> pourront \u00eatre surpris d&rsquo;apercevoir un certain nombre de <strong>services de secours et de s\u00e9curit\u00e9<\/strong> pr\u00e9sents aux abords de l&rsquo;\u00e9tablissement. <\/p>\n<p>Cependant, la <strong>pr\u00e9fecture du Rh\u00f4ne<\/strong> pr\u00e9vient qu&rsquo;aucune inqui\u00e9tude n&rsquo;est \u00e0 avoir : il s&rsquo;agira d&rsquo;un <strong>exercice de s\u00e9curit\u00e9 civile<\/strong>. Aucune action de la part de la population n&rsquo;est attendue et le trafic a\u00e9rien ne sera pas perturb\u00e9. <\/p>\n<p> A\u00e9roport Lyon-Bron : un exercice pour se tester en situation d&rsquo;urgence <\/p>\n<p>La pr\u00e9fecture du Rh\u00f4ne explique ainsi les objectifs de ce test : \u00ab\u00a0Ce mardi 15 avril 2025, durant toute l\u2019apr\u00e8s-midi, un exercice de s\u00e9curit\u00e9 civile sera men\u00e9 \u00e0 l\u2019a\u00e9roport Lyon-Bron, centre m\u00e9dical d\u2019\u00e9vacuation (CEM) en cas de d\u00e9clenchement d\u2019un plan Orsec Novi.\u00a0\u00bb<\/p>\n<p>Comme le rappelle le <a href=\"https:\/\/www.interieur.gouv.fr\/Archives\/Archives-publications\/Archives-infographies\/Securite-des-biens-et-des-personnes\/Securite-des-biens-et-des-personnes\/Mobilisation-de-l-Etat-en-temps-de-crise\/Le-plan-NOVI-NOmbreuses-VIctimes\" rel=\"noopener\" target=\"_blank\">minist\u00e8re de l&rsquo;Int\u00e9rieur<\/a>, le <strong>plan Orsec-Novi <\/strong>(contraction d&rsquo;Organisation de la r\u00e9ponse de la s\u00e9curit\u00e9 civile &#8211; Nombreuses victimes) consiste \u00e0 secourir un nombre important de victimes dans un m\u00eame lieu. Il est d\u00e9clench\u00e9 par le pr\u00e9fet et mobilise l&rsquo;ensemble des acteurs de la cha\u00eene de secours. <\/p>\n<p>Les participants \u00e0 cet exercice &#8211; services de l\u2019\u00c9tat, collectivit\u00e9s locales, exploitants et transporteurs &#8211; testeront lors de cet entra\u00eenement leurs capacit\u00e9s \u00e0 apporter la<strong> r\u00e9ponse op\u00e9rationnelle la plus efficace possible en situation d\u2019urgence <\/strong>(accidents, catastrophes, sinistres, etc.).<\/p>\n<p> Un exercice en conditions r\u00e9elles simul\u00e9es pour les services de secours <\/p>\n<p>L&rsquo;exercice de cet apr\u00e8s-midi sera r\u00e9alis\u00e9 en <strong>conditions r\u00e9elles simul\u00e9es<\/strong>. Aussi, les riverains pourront entendre et voir les avertisseurs sonores et lumineux des v\u00e9hicules des pompiers et autres services de secours, ou encore de police et des personnels de s\u00e9curit\u00e9. <\/p>\n<blockquote>\n<p>\u00ab\u00a0La pr\u00e9fecture demande aux riverains de respecter le p\u00e9rim\u00e8tre de l\u2019exercice et de ne pas relayer de photos ou vid\u00e9os sur les r\u00e9seaux sociaux afin d\u2019\u00e9viter, en cas de d\u00e9tournement, la propagation de fausses informations\u00a0\u00bb, \u00e9crit l&rsquo;autorit\u00e9 pr\u00e9fectorale dans un communiqu\u00e9 de presse. <\/p>\n<\/blockquote>\n<p>Contrairement \u00e0 <a href=\"https:\/\/mesinfos.fr\/69730-genay\/genay-pas-de-panique-si-vous-recevez-une-alerte-sur-votre-telephone-jeudi-212484.html\" rel=\"noopener\" target=\"_blank\">l&rsquo;exercice r\u00e9alis\u00e9 en fin d&rsquo;ann\u00e9e \u00e0 Genay<\/a>, le dispositif FR-Alert ne devrait pas d\u00e9clench\u00e9 pour cet exercice.<\/p>\n","protected":false},"excerpt":{"rendered":"\u00a9 Shutterstock &#8211; Sapeurs-pompiers et personnels de secours, forces de police et de s\u00e9curit\u00e9 seront mobilis\u00e9s \u00e0 l&rsquo;a\u00e9roport&hellip;\n","protected":false},"author":2,"featured_media":26691,"comment_status":"","ping_status":"","sticky":false,"template":"","format":"standard","meta":{"footnotes":""},"categories":[1889],"tags":[1111,11,9449,2430,1777,674,1011,27,2428,12,9450,25,7691],"class_list":{"0":"post-26690","1":"post","2":"type-post","3":"status-publish","4":"format-standard","5":"has-post-thumbnail","7":"category-lyon","8":"tag-actu","9":"tag-actualites","10":"tag-au00e9roport-lyon-bron","11":"tag-auvergne-rhone-alpes","12":"tag-eu","13":"tag-europe","14":"tag-fr","15":"tag-france","16":"tag-lyon","17":"tag-news","18":"tag-prefecture-du-rhone","19":"tag-republique-francaise","20":"tag-su00e9curitu00e9"},"share_on_mastodon":{"url":"https:\/\/pubeurope.com\/@fr\/114342372895089045","error":""},"_links":{"self":[{"href":"https:\/\/www.europesays.com\/fr\/wp-json\/wp\/v2\/posts\/26690","targetHints":{"allow":["GET"]}}],"collection":[{"href":"https:\/\/www.europesays.com\/fr\/wp-json\/wp\/v2\/posts"}],"about":[{"href":"https:\/\/www.europesays.com\/fr\/wp-json\/wp\/v2\/types\/post"}],"author":[{"embeddable":true,"href":"https:\/\/www.europesays.com\/fr\/wp-json\/wp\/v2\/users\/2"}],"replies":[{"embeddable":true,"href":"https:\/\/www.europesays.com\/fr\/wp-json\/wp\/v2\/comments?post=26690"}],"version-history":[{"count":0,"href":"https:\/\/www.europesays.com\/fr\/wp-json\/wp\/v2\/posts\/26690\/revisions"}],"wp:featuredmedia":[{"embeddable":true,"href":"https:\/\/www.europesays.com\/fr\/wp-json\/wp\/v2\/media\/26691"}],"wp:attachment":[{"href":"https:\/\/www.europesays.com\/fr\/wp-json\/wp\/v2\/media?parent=26690"}],"wp:term":[{"taxonomy":"category","embeddable":true,"href":"https:\/\/www.europesays.com\/fr\/wp-json\/wp\/v2\/categories?post=26690"},{"taxonomy":"post_tag","embeddable":true,"href":"https:\/\/www.europesays.com\/fr\/wp-json\/wp\/v2\/tags?post=26690"}],"curies":[{"name":"wp","href":"https:\/\/api.w.org\/{rel}","templated":true}]}}