{"id":266902,"date":"2025-07-23T01:25:09","date_gmt":"2025-07-23T01:25:09","guid":{"rendered":"https:\/\/www.europesays.com\/fr\/266902\/"},"modified":"2025-07-23T01:25:09","modified_gmt":"2025-07-23T01:25:09","slug":"quand-lia-reveille-les-cliches-sur-marseille","status":"publish","type":"post","link":"https:\/\/www.europesays.com\/fr\/266902\/","title":{"rendered":"quand l\u2019IA r\u00e9veille les clich\u00e9s sur Marseille"},"content":{"rendered":"<p>\u00ab\u00a0Je viens d\u2019atterrir \u00e0 Marseille. Le sol colle, l\u2019air pue\u00a0\u00bb s\u2019exclame un alien en sortant de sa soucoupe volante. Car oui, gr\u00e2ce \u00e0 <a href=\"https:\/\/www.laprovence.com\/article\/femina-provence\/3789879381518714\/les-intelligences-artificielles-comprennent-tout-sauf-ce-qui-se-joue-entre-nous-les-humains\" target=\"_blank\" rel=\"nofollow noopener\">l\u2019Intelligence Artificielle<\/a>, les extraterrestres d\u00e9couvrent notre ch\u00e8re cit\u00e9e phoc\u00e9enne\u00a0! Mais comme en t\u00e9moignent ces premi\u00e8res paroles, la vid\u00e9o \u00e0 but humoristique \u00e9tale les clich\u00e9s sur Marseille.<\/p>\n<p>Des dizaines de vid\u00e9os comme celle-ci circulent sur les r\u00e9seaux sociaux, particuli\u00e8rement sur <a href=\"https:\/\/www.laprovence.com\/article\/femina-provence\/1005674834906815\/les-deboires-de-tiktok-entre-amendes-et-suspension\" target=\"_blank\" rel=\"nofollow noopener\">TikTok<\/a>. Les personnages et les d\u00e9cors sont tr\u00e8s r\u00e9alistes, on reconna\u00eet tr\u00e8s bien le Vieux-Port, le cours Julien mais aussi le <a href=\"https:\/\/www.laprovence.com\/article\/culture-loisirs\/26649711657594\/concert-dalonzo-au-velodrome-le-rappeur-marseillais-fait-son-entree-sur-un-cheval-devant-plus-de-59-000-spectateurs\" target=\"_blank\" rel=\"nofollow noopener\">stade V\u00e9lodrome.<\/a><\/p>\n<p>\u00ab\u00a0Ma femme m\u2019a dit que je devais choisir entre elle et mon match de foot, je lui ai dit que j\u2019avais besoin de 90 minutes pour r\u00e9fl\u00e9chir\u00a0\u00bb s\u2019exclame un monsieur \u00e2g\u00e9 en rigolant, l\u2019\u00e9charpe de l\u2019<a href=\"https:\/\/www.laprovence.com\/article\/om\/17749006005783\/mercato-om-aubameyang-paixao-weah-posez-vos-questions-a-nos-journalistes\" target=\"_blank\" rel=\"nofollow noopener\">Olympique de Marseille<\/a> autour du cou, entour\u00e9 d\u2019autres supporters.<\/p>\n<p>Un outil utilis\u00e9 pour v\u00e9hiculer des clich\u00e9s<\/p>\n<p>\u00c0 l\u2019origine de ces vid\u00e9os, le nouvel outil g\u00e9n\u00e9rateur d\u2019images de <a href=\"https:\/\/www.laprovence.com\/article\/societe\/5701329005028414\/verification-de-lage-des-ados-snapchat-renvoie-la-balle-aux-magasins-dapplications-geres-par-apple-et-google\" target=\"_blank\" rel=\"nofollow noopener\">Google\u00a0<\/a>\u00ab\u00a0Veo 3\u00a0\u00bb qui permet\u00a0\u00ab\u00a0d\u2019ajouter des effets sonores, des bruits ambiants et m\u00eame des dialogues \u00e0 vos cr\u00e9ations, en g\u00e9n\u00e9rant tous les sons de mani\u00e8re native\u00a0\u00bb, indique google sur son site.\u00a0Lanc\u00e9e aux \u00c9tats-Unis en mai\u00a02025, elle est utilisable en Europe seulement depuis d\u00e9but juillet. Pour cr\u00e9er une vid\u00e9o, rien de plus simple. Il suffit de d\u00e9crire en quelques lignes la sc\u00e8ne qu\u2019on souhaite voir, et l\u2019IA la reproduit.<\/p>\n<p>Si certaines vid\u00e9os sont bon enfant, la plupart d\u00e9gradent l\u2019image de la ville et de ses habitants, tout en v\u00e9hiculant des id\u00e9es racistes.\u00a0Sur l\u2019une d\u2019elles, on voit une jeune femme avec des lunettes de soleil se promener dans les rues de Marseille tout en se filmant, comme un vlog. Elle documente son \u00ab\u00a0s\u00e9jour \u00e0 Marseille.\u00a0\u00bb<\/p>\n<p>\u00ab\u00a0Jour 3 \u00e0 Marseille je suis dans les quartiers nord. On vient de me voler ma montre, mais ce n\u2019est pas grave, les vacances continuent\u00a0\u00bb dit-elle avec un grand sourire. Derri\u00e8re elle, la rue est pleine de d\u00e9chets. Puis, elle continue, \u00ab\u00a0jour 5 \u00e0 Marseille, je me suis fait agresser seulement deux fois ce matin.\u00a0\u00bb Au fil des jours, elle porte le hijab puis la burka, et finit par parler arabe.<\/p>\n<p>Des vid\u00e9os \u00e0 caract\u00e8re raciste<\/p>\n<p>Le biais raciste est confirm\u00e9 par la description de la vid\u00e9o. L\u2019internaute a \u00e9crit\u00a0: \u00ab\u00a0Processus d\u2019int\u00e9gration d\u2019une influenceuse \u00e0 Marseille. S\u00e9rieusement, il va falloir les d\u00e9gager ces gens.\u00a0\u00bb \u00ab\u00a0Mais qui de l\u2019utilisateur ou de la machine est \u00e0 l\u2019origine du caract\u00e8re raciste des contenus diffus\u00e9s\u00a0?\u00a0\u00bb <a href=\"https:\/\/information.tv5monde.com\/societe\/les-derives-racistes-de-veo-3-la-nouvelle-intelligence-artificielle-hyperrealiste-de-google-2783358\" target=\"_blank\" rel=\"nofollow noopener\">questionne TV5 Monde.<\/a><\/p>\n<p>Dans une publication, un utilisateur \u00e9crit que lorsqu\u2019il a demand\u00e9 \u00e0 l\u2019IA \u00ab\u00a0une exp\u00e9rience banale en Afrique\u00a0\u00bb, elle a cr\u00e9\u00e9 un homme blanc, selfie stick \u00e0 la main droite et bouteille d\u2019eau \u00e0 la main gauche, qui se fait suivre par un enfant noir demandant de l\u2019eau. \u00ab\u00a0Une sc\u00e8ne qui perp\u00e9tue l\u2019image d\u2019une Afrique pauvre n\u00e9cessitant l\u2019aide d\u2019hommes blancs\u00a0\u00bb, commente la journaliste de TV5 Monde.<\/p>\n<p>Ce n\u2019est pas la premi\u00e8re fois qu\u2019un outil d\u2019intelligence artificielle est point\u00e9 du doigt pour des contenus probl\u00e9matiques. En\u00a02016, Microsoft et Bing sortent Tay, une IA \u00e0 but conversationnel. Moins de 24\u00a0heures apr\u00e8s sa cr\u00e9ation, l\u2019outil formulait des r\u00e9ponses racistes, haineuses et colportant des fausses informations.<\/p>\n","protected":false},"excerpt":{"rendered":"\u00ab\u00a0Je viens d\u2019atterrir \u00e0 Marseille. Le sol colle, l\u2019air pue\u00a0\u00bb s\u2019exclame un alien en sortant de sa soucoupe&hellip;\n","protected":false},"author":2,"featured_media":266903,"comment_status":"","ping_status":"","sticky":false,"template":"","format":"standard","meta":{"footnotes":""},"categories":[2814],"tags":[17,1111,11,20,1777,674,1011,27,4432,7466,884,15422,12,882,25,104,5256,23741],"class_list":{"0":"post-266902","1":"post","2":"type-post","3":"status-publish","4":"format-standard","5":"has-post-thumbnail","7":"category-marseille","8":"tag-17","9":"tag-actu","10":"tag-actualites","11":"tag-comment","12":"tag-eu","13":"tag-europe","14":"tag-fr","15":"tag-france","16":"tag-jour","17":"tag-lia","18":"tag-marseille","19":"tag-montre","20":"tag-news","21":"tag-provence-alpes-cote-dazur","22":"tag-republique-francaise","23":"tag-societe","24":"tag-vient","25":"tag-voler"},"share_on_mastodon":{"url":"https:\/\/pubeurope.com\/@fr\/114899944934733626","error":""},"_links":{"self":[{"href":"https:\/\/www.europesays.com\/fr\/wp-json\/wp\/v2\/posts\/266902","targetHints":{"allow":["GET"]}}],"collection":[{"href":"https:\/\/www.europesays.com\/fr\/wp-json\/wp\/v2\/posts"}],"about":[{"href":"https:\/\/www.europesays.com\/fr\/wp-json\/wp\/v2\/types\/post"}],"author":[{"embeddable":true,"href":"https:\/\/www.europesays.com\/fr\/wp-json\/wp\/v2\/users\/2"}],"replies":[{"embeddable":true,"href":"https:\/\/www.europesays.com\/fr\/wp-json\/wp\/v2\/comments?post=266902"}],"version-history":[{"count":0,"href":"https:\/\/www.europesays.com\/fr\/wp-json\/wp\/v2\/posts\/266902\/revisions"}],"wp:featuredmedia":[{"embeddable":true,"href":"https:\/\/www.europesays.com\/fr\/wp-json\/wp\/v2\/media\/266903"}],"wp:attachment":[{"href":"https:\/\/www.europesays.com\/fr\/wp-json\/wp\/v2\/media?parent=266902"}],"wp:term":[{"taxonomy":"category","embeddable":true,"href":"https:\/\/www.europesays.com\/fr\/wp-json\/wp\/v2\/categories?post=266902"},{"taxonomy":"post_tag","embeddable":true,"href":"https:\/\/www.europesays.com\/fr\/wp-json\/wp\/v2\/tags?post=266902"}],"curies":[{"name":"wp","href":"https:\/\/api.w.org\/{rel}","templated":true}]}}