{"id":266906,"date":"2025-07-23T01:27:21","date_gmt":"2025-07-23T01:27:21","guid":{"rendered":"https:\/\/www.europesays.com\/fr\/266906\/"},"modified":"2025-07-23T01:27:21","modified_gmt":"2025-07-23T01:27:21","slug":"six-nouvelles-fontaines-a-eau-installees-a-lyon-et-villeurbanne","status":"publish","type":"post","link":"https:\/\/www.europesays.com\/fr\/266906\/","title":{"rendered":"six nouvelles fontaines \u00e0 eau install\u00e9es \u00e0 Lyon et Villeurbanne"},"content":{"rendered":"<p itemprop=\"description\"><strong>De nouvelles fontaines \u00e0 eau vont \u00eatre exp\u00e9riment\u00e9es \u00e0 Lyon et Villeurbanne dans le cadre de la politique \u00ab\u00a0Eau pour tous\u00a0\u00bb. L\u2019objectif est de garantir un acc\u00e8s \u00e0 l\u2019eau potable \u00e0 tous les habitants, notamment face aux \u00e9pisodes de chaleur.<\/strong><\/p>\n<p>Davantage de fontaines \u00e0 eau \u00e0 Lyon.<\/p>\n<p>Face \u00e0 l\u2019intensification des \u00e9pisodes de chaleur et aux besoins en eau dans l\u2019espace public, Eau du Grand Lyon et la M\u00e9tropole de Lyon ont inaugur\u00e9 une nouvelle borne fontaine sur la place du 8 Mai 1945, dans le 8e arrondissement. Mais ce n\u2019est que la premi\u00e8re d\u2019une longue s\u00e9rie.<\/p>\n<p>La politique m\u00e9tropolitaine \u00ab\u00a0Eau pour tous\u00a0\u00bb vise \u00e0 exp\u00e9rimenter six fontaines N\u00e9o \u00ab\u00a0nouvelle g\u00e9n\u00e9ration\u00a0\u00bb dans des lieux d\u00e9finis comme prioritaires \u00e0 Lyon, ainsi qu\u2019\u00e0 Villeurbanne, tels que Jean Mac\u00e9, Gorge de Loup, Charpennes, ou encore place de la Paix et rue Pierre Baratin \u00e0 Villeurbanne. Ces sites ont \u00e9t\u00e9 choisis en fonction des besoins des quartiers.<\/p>\n<p>Les fontaines de l\u2019entreprise lyonnaise Bayard, ont \u00e9t\u00e9 pens\u00e9es pour un usage urbain sobre en eau et intelligent. Elles remplissent trois fonctions que sont : remplir sa gourde, boire via un rince-bouche et se rafra\u00eechir gr\u00e2ce \u00e0 une brumisation douce. Un syst\u00e8me connect\u00e9 permettra \u00e9galement de suivre et d\u2019analyser les utilisations en temps r\u00e9el comme la t\u00e9l\u00e9transmission, les donn\u00e9es de temp\u00e9rature ou les alertes.<\/p>\n<p>L\u2019objectif de la politique \u00ab\u00a0Eau pour tous\u00a0\u00bb, d\u00e9ploy\u00e9e par Eau du Grand Lyon est de garantir un acc\u00e8s \u00e0 l\u2019eau potable \u00e0 tous les habitants. L\u2019exp\u00e9rimentation de ces premi\u00e8res fontaines permettra, d\u2019ici 1 \u00e0 2 ans, de mesurer les usages r\u00e9els, d\u2019affiner les crit\u00e8res de ciblages et d\u2019\u00e9valuer la p\u00e9rennisation des installations par les Villes.<\/p>\n","protected":false},"excerpt":{"rendered":"De nouvelles fontaines \u00e0 eau vont \u00eatre exp\u00e9riment\u00e9es \u00e0 Lyon et Villeurbanne dans le cadre de la politique&hellip;\n","protected":false},"author":2,"featured_media":266907,"comment_status":"","ping_status":"","sticky":false,"template":"","format":"standard","meta":{"footnotes":""},"categories":[1889],"tags":[1111,11,2813,2190,2430,1109,251,1112,2811,1777,674,118,1011,27,1922,1110,1114,2428,2810,12,241,316,25,2812,517,800],"class_list":{"0":"post-266906","1":"post","2":"type-post","3":"status-publish","4":"format-standard","5":"has-post-thumbnail","7":"category-lyon","8":"tag-actu","9":"tag-actualites","10":"tag-article","11":"tag-asvel","12":"tag-auvergne-rhone-alpes","13":"tag-breves","14":"tag-culture","15":"tag-depeches","16":"tag-economique","17":"tag-eu","18":"tag-europe","19":"tag-faits-divers","20":"tag-fr","21":"tag-france","22":"tag-info","23":"tag-informations","24":"tag-infos","25":"tag-lyon","26":"tag-lyonmag","27":"tag-news","28":"tag-ol","29":"tag-politique","30":"tag-republique-francaise","31":"tag-sociale","32":"tag-sport","33":"tag-transports"},"share_on_mastodon":{"url":"https:\/\/pubeurope.com\/@fr\/114899952828789610","error":""},"_links":{"self":[{"href":"https:\/\/www.europesays.com\/fr\/wp-json\/wp\/v2\/posts\/266906","targetHints":{"allow":["GET"]}}],"collection":[{"href":"https:\/\/www.europesays.com\/fr\/wp-json\/wp\/v2\/posts"}],"about":[{"href":"https:\/\/www.europesays.com\/fr\/wp-json\/wp\/v2\/types\/post"}],"author":[{"embeddable":true,"href":"https:\/\/www.europesays.com\/fr\/wp-json\/wp\/v2\/users\/2"}],"replies":[{"embeddable":true,"href":"https:\/\/www.europesays.com\/fr\/wp-json\/wp\/v2\/comments?post=266906"}],"version-history":[{"count":0,"href":"https:\/\/www.europesays.com\/fr\/wp-json\/wp\/v2\/posts\/266906\/revisions"}],"wp:featuredmedia":[{"embeddable":true,"href":"https:\/\/www.europesays.com\/fr\/wp-json\/wp\/v2\/media\/266907"}],"wp:attachment":[{"href":"https:\/\/www.europesays.com\/fr\/wp-json\/wp\/v2\/media?parent=266906"}],"wp:term":[{"taxonomy":"category","embeddable":true,"href":"https:\/\/www.europesays.com\/fr\/wp-json\/wp\/v2\/categories?post=266906"},{"taxonomy":"post_tag","embeddable":true,"href":"https:\/\/www.europesays.com\/fr\/wp-json\/wp\/v2\/tags?post=266906"}],"curies":[{"name":"wp","href":"https:\/\/api.w.org\/{rel}","templated":true}]}}