{"id":266912,"date":"2025-07-23T01:32:10","date_gmt":"2025-07-23T01:32:10","guid":{"rendered":"https:\/\/www.europesays.com\/fr\/266912\/"},"modified":"2025-07-23T01:32:10","modified_gmt":"2025-07-23T01:32:10","slug":"unesco-oms-accord-de-paris-sur-le-climatvisualisez-les-retraits-des-etats-unis-des-instances-internationales","status":"publish","type":"post","link":"https:\/\/www.europesays.com\/fr\/266912\/","title":{"rendered":"Unesco, OMS, accord de Paris sur le climat\u2026Visualisez les retraits des \u00c9tats-Unis des instances internationales"},"content":{"rendered":"<p><strong>INFOGRAPHIE &#8211; <\/strong>Les \u00c9tats-Unis se retirent une nouvelle fois de l\u2019Unesco, dernier \u00e9pisode en date d\u2019une s\u00e9rie de ruptures avec les institutions internationales.<\/p>\n<p class=\"fig-paragraph\">Washington claque \u00e0 nouveau la porte de l\u2019Unesco<strong>.<\/strong> Les \u00c9tats-Unis ont annonc\u00e9, mardi 22 juillet,\u00a0<a href=\"http:\/\/www.lefigaro.fr\/culture\/apres-2017-donald-trump-annonce-que-les-etats-unis-se-retirent-de-l-unesco-20250722\" data-fig-type=\"NewsFlash\" data-gtm-custom-categorie=\"navigation\" data-gtm-custom-action=\"crossclick\" data-gtm-custom-label=\"Contextuel\" data-gtm-event=\"customEventSPE\" data-fig-domain=\"LEFIGARO\" rel=\"nofollow noopener\" target=\"_blank\">leur retrait de l\u2019Organisation des Nations unies pour l\u2019\u00e9ducation, la science et la culture<\/a>. Cette d\u00e9cision, officiellement motiv\u00e9e par des biais jug\u00e9s \u00abanti-isra\u00e9liens\u00bb, marque la deuxi\u00e8me sortie am\u00e9ricaine de l\u2019institution sous l\u2019impulsion de Donald Trump, apr\u00e8s un premier retrait en 2018 pour des raisons similaires. \u00c0 l\u2019\u00e9poque, Isra\u00ebl avait quitt\u00e9 l\u2019organisation au m\u00eame moment, d\u00e9non\u00e7ant \u00e9galement une ligne trop critique \u00e0 son encontre.<\/p>\n<p class=\"fig-paragraph\">Cette nouvelle rupture s\u2019ajoute \u00e0 une longue liste de d\u00e9sengagements internationaux op\u00e9r\u00e9s par Washington sous l\u2019administration Trump.<\/p>\n<p>                                    <a class=\"fig-a11y-skip a11y-hidden\" href=\"#fig-a11y-skip-main-inarticle\"><br \/>\n        Passer la publicit\u00e9<br \/>\n    <\/a><\/p>\n<p class=\"fig-paragraph\">D\u00e8s son arriv\u00e9e \u00e0 la Maison-Blanche en janvier 2025, le pr\u00e9sident Trump avait annonc\u00e9 le retrait des \u00c9tats-Unis de\u00a0<a href=\"http:\/\/www.lefigaro.fr\/international\/trump-enclenche-une-nouvelle-sortie-avec-fracas-de-l-accord-de-paris-sur-le-climat-20250121\" data-fig-type=\"NewsFlash\" data-gtm-custom-categorie=\"navigation\" data-gtm-custom-action=\"crossclick\" data-gtm-custom-label=\"Contextuel\" data-gtm-event=\"customEventSPE\" data-fig-domain=\"LEFIGARO\" rel=\"nofollow noopener\" target=\"_blank\">l\u2019accord de Paris sur le climat<\/a>, conclu sous l\u2019\u00e9gide de l\u2019ONU. Sous le premier mandat du r\u00e9publicain, le pays avait d\u00e9j\u00e0 quitt\u00e9 bri\u00e8vement cet accord, avant que Joe Biden n\u2019acte un retour. Ce trait\u00e9 majeur, sign\u00e9 par pr\u00e8s de 200 pays, vise \u00e0 limiter le r\u00e9chauffement climatique en r\u00e9duisant les \u00e9missions de gaz \u00e0 effet de serre. Le retrait am\u00e9ricain avait alors suscit\u00e9 une onde de choc mondiale, alignant les \u00c9tats-Unis sur une position commune \u00e0 quelques rares pays comme l\u2019Iran, la Libye ou le Y\u00e9men.<\/p>\n<p class=\"fig-paragraph\">En janvier dernier, c\u2019est<a href=\"http:\/\/sante.lefigaro.fr\/etats-unis-la-decision-de-quitter-l-oms-risque-d-affaiblir-la-securite-sanitaire-mondiale-20250121\" data-fig-type=\"Article\" data-gtm-custom-categorie=\"navigation\" data-gtm-custom-action=\"crossclick\" data-gtm-custom-label=\"Contextuel\" data-gtm-event=\"customEventSPE\" data-fig-domain=\"SANTE\" rel=\"nofollow noopener\" target=\"_blank\">\u00a0l\u2019Organisation mondiale de la sant\u00e9 (OMS) qui est vis\u00e9e<\/a>: quelques heures seulement apr\u00e8s son investiture, lundi 20 janvier, le pr\u00e9sident am\u00e9ricain, Donald Trump, a sign\u00e9 un d\u00e9cret visant \u00e0 retirer les \u00c9tats-Unis de l\u2019OMS. Le r\u00e9publicain cite plusieurs raisons pour justifier ce retrait, notamment \u00ab la mauvaise gestion de la pand\u00e9mie de Covid-19\u00a0\u00bb par l\u2019OMS et \u00ab l\u2019incapacit\u00e9 \u00e0 adopter les r\u00e9formes urgentes n\u00e9cessaires\u00a0\u00bb. Il a d\u00e9clar\u00e9 que l\u2019agence exigeait des \u00c9tats-Unis des \u00ab paiements injustement on\u00e9reux\u00a0\u00bb et s\u2019est plaint que la Chine payait moins.<\/p>\n<p class=\"fig-paragraph\">La d\u00e9cision s\u2019accompagne d\u2019un gel du financement am\u00e9ricain, alors m\u00eame que les \u00c9tats-Unis \u00e9taient l\u2019un de ses principaux contributeurs.<\/p>\n<p class=\"fig-paragraph\">Le d\u00e9sengagement am\u00e9ricain ne s\u2019arr\u00eate pas l\u00e0.\u00a0<a href=\"http:\/\/www.lefigaro.fr\/international\/donald-trump-signe-un-decret-pour-retirer-les-etats-unis-de-plusieurs-instances-de-l-onu-20250204\" data-fig-type=\"NewsFlash\" data-gtm-custom-categorie=\"navigation\" data-gtm-custom-action=\"crossclick\" data-gtm-custom-label=\"Contextuel\" data-gtm-event=\"customEventSPE\" data-fig-domain=\"LEFIGARO\" rel=\"nofollow noopener\" target=\"_blank\">En f\u00e9vrier, Donald Trump signe un d\u00e9cret\u00a0<\/a>pour retirer les \u00c9tats-Unis de plusieurs instances de l\u2019ONU\u00a0: le Conseil des droits de l\u2019homme, instance dans laquelle Washington si\u00e9geait comme observateur. Le d\u00e9cret pr\u00e9sidentiel prolonge \u00e9galement la suspension du financement de l\u2019UNRWA, l\u2019agence onusienne d\u2019aide aux r\u00e9fugi\u00e9s palestiniens, d\u00e9j\u00e0 cibl\u00e9e par l\u2019administration Trump en 2018. Ce m\u00eame d\u00e9cret annon\u00e7ait un r\u00e9examen de la participation am\u00e9ricaine \u00e0 l\u2019Unesco.<\/p>\n","protected":false},"excerpt":{"rendered":"INFOGRAPHIE &#8211; Les \u00c9tats-Unis se retirent une nouvelle fois de l\u2019Unesco, dernier \u00e9pisode en date d\u2019une s\u00e9rie de&hellip;\n","protected":false},"author":2,"featured_media":266913,"comment_status":"","ping_status":"","sticky":false,"template":"","format":"standard","meta":{"footnotes":""},"categories":[1888],"tags":[1111,1928,11,1927,75,1777,674,1011,27,230,12,1926,3521,626,1925,25,12077],"class_list":{"0":"post-266912","1":"post","2":"type-post","3":"status-publish","4":"format-standard","5":"has-post-thumbnail","7":"category-paris","8":"tag-actu","9":"tag-actu-paris","10":"tag-actualites","11":"tag-actualites-paris","12":"tag-donald-trump","13":"tag-eu","14":"tag-europe","15":"tag-fr","16":"tag-france","17":"tag-infographie","18":"tag-news","19":"tag-news-paris","20":"tag-onu","21":"tag-paris","22":"tag-paris-news","23":"tag-republique-francaise","24":"tag-unesco"},"share_on_mastodon":{"url":"https:\/\/pubeurope.com\/@fr\/114899972882278359","error":""},"_links":{"self":[{"href":"https:\/\/www.europesays.com\/fr\/wp-json\/wp\/v2\/posts\/266912","targetHints":{"allow":["GET"]}}],"collection":[{"href":"https:\/\/www.europesays.com\/fr\/wp-json\/wp\/v2\/posts"}],"about":[{"href":"https:\/\/www.europesays.com\/fr\/wp-json\/wp\/v2\/types\/post"}],"author":[{"embeddable":true,"href":"https:\/\/www.europesays.com\/fr\/wp-json\/wp\/v2\/users\/2"}],"replies":[{"embeddable":true,"href":"https:\/\/www.europesays.com\/fr\/wp-json\/wp\/v2\/comments?post=266912"}],"version-history":[{"count":0,"href":"https:\/\/www.europesays.com\/fr\/wp-json\/wp\/v2\/posts\/266912\/revisions"}],"wp:featuredmedia":[{"embeddable":true,"href":"https:\/\/www.europesays.com\/fr\/wp-json\/wp\/v2\/media\/266913"}],"wp:attachment":[{"href":"https:\/\/www.europesays.com\/fr\/wp-json\/wp\/v2\/media?parent=266912"}],"wp:term":[{"taxonomy":"category","embeddable":true,"href":"https:\/\/www.europesays.com\/fr\/wp-json\/wp\/v2\/categories?post=266912"},{"taxonomy":"post_tag","embeddable":true,"href":"https:\/\/www.europesays.com\/fr\/wp-json\/wp\/v2\/tags?post=266912"}],"curies":[{"name":"wp","href":"https:\/\/api.w.org\/{rel}","templated":true}]}}