{"id":266916,"date":"2025-07-23T01:34:12","date_gmt":"2025-07-23T01:34:12","guid":{"rendered":"https:\/\/www.europesays.com\/fr\/266916\/"},"modified":"2025-07-23T01:34:12","modified_gmt":"2025-07-23T01:34:12","slug":"la-bourse-de-paris-repli-en-attendant-les-resultats-dentreprises","status":"publish","type":"post","link":"https:\/\/www.europesays.com\/fr\/266916\/","title":{"rendered":"La Bourse de Paris repli en attendant les r\u00e9sultats d&rsquo;entreprises"},"content":{"rendered":"<p style=\"text-align:\">La Bourse de Paris a ouvert en baisse mardi 22 juillet, dans un contexte d&rsquo;incertitudes li\u00e9es aux r\u00e9sultats d&rsquo;entreprises du deuxi\u00e8me trimestre et \u00e0 l&rsquo;approche du 1er ao\u00fbt, date butoir des n\u00e9gociations commerciales entre Europ\u00e9ens et Am\u00e9ricains.<\/p>\n<p><a href=\"https:\/\/lecourrier.vn\/la-bourse-de-paris-flanche-entre-negociations-commerciales-et-annonces-budgetaires\/1286878.html\" title=\"La Bourse de Paris flanche entre n\u00e9gociations commerciales et annonces budg\u00e9taires\" rel=\"nofollow noopener\" target=\"_blank\">&gt;&gt; La Bourse de Paris flanche entre n\u00e9gociations commerciales et annonces budg\u00e9taires<\/a><\/p>\n<p><a href=\"https:\/\/lecourrier.vn\/la-bourse-de-paris-bondit-portee-par-des-donnees-rassurantes-sur-leconomie-americaine\/1287086.html\" title=\"La Bourse de Paris bondit, port\u00e9e par des donn\u00e9es rassurantes sur l&#039;\u00e9conomie am\u00e9ricaine\" rel=\"nofollow noopener\" target=\"_blank\">&gt;&gt; La Bourse de Paris bondit, port\u00e9e par des donn\u00e9es rassurantes sur l&rsquo;\u00e9conomie am\u00e9ricaine<\/a><\/p>\n<p><a href=\"https:\/\/lecourrier.vn\/la-bourse-de-paris-termine-en-legere-baisse\/1287274.html\" title=\"La Bourse de Paris termine en l\u00e9g\u00e8re baisse\" rel=\"nofollow noopener\" target=\"_blank\">&gt;&gt; La Bourse de Paris termine en l\u00e9g\u00e8re baisse<\/a><\/p>\n<tr>\n<td class=\"pic\"><img decoding=\"async\" class=\"lazyload\" src=\"https:\/\/www.europesays.com\/fr\/wp-content\/uploads\/2025\/07\/092017-field_media_image-2939264-146506b9a0ca37cc2d6c76c40cc0747af9fa2b01.webp.webp\" alt=\"\"\/><\/td>\n<\/tr>\n<tr>\n<td class=\"caption\">La salle de contr\u00f4le d&rsquo;Euronext, soci\u00e9t\u00e9 qui g\u00e8re la Bourse de Paris <\/td>\n<\/tr>\n<tr align=\"right\">\n<td class=\"author\">Photo : AFP\/VNA\/CVN<\/td>\n<\/tr>\n<p style=\"text-align:left\">L&rsquo;indice vedette CAC 40 perdait 0,34% vers 09h30, soit 26,63 points \u00e0 7.782,66 points. La veille, l&rsquo;indice phare de la place parisienne avait conclu la s\u00e9ance en repli de 0,31% et s&rsquo;\u00e9tait \u00e9tabli \u00e0 7.798,22 points \u00e0 la cl\u00f4ture.<\/p>\n<p style=\"text-align:left\">\u00ab\u00a0Les craintes entourant les accords commerciaux \u00e0 conclure d&rsquo;ici au 1er ao\u00fbt, ainsi que la capacit\u00e9 des entreprises \u00e0 r\u00e9sister \u00e0 la guerre commerciale men\u00e9e par les \u00c9tats-Unis, mettent \u00e0 l&rsquo;\u00e9preuve la r\u00e9silience des march\u00e9s\u00a0\u00bb, commente Patrick Munnelly, strat\u00e9giste chez Tickmill.<\/p>\n<p style=\"text-align:left\">En ce qui concerne l&rsquo;Union europ\u00e9enne, les 27 esp\u00e8rent toujours obtenir un accord avec les \u00c9tats-Unis apr\u00e8s les nouvelles menaces de Donald Trump de lui imposer le 1er ao\u00fbt des droits de douane de 30%.<\/p>\n<p style=\"text-align:left\">Les pays europ\u00e9ens essayent de rester unis, bien que leurs \u00e9conomies ne soient pas expos\u00e9es de la m\u00eame fa\u00e7on aux foudres douani\u00e8res du pr\u00e9sident am\u00e9ricain.<\/p>\n<p style=\"text-align:left\">\u00ab\u00a0Les march\u00e9s s&rsquo;inqui\u00e8tent de ce que sera l&rsquo;accord commercial entre l&rsquo;Union europ\u00e9enne et les \u00c9tats-Unis avant la date butoir du 1er ao\u00fbt\u00a0\u00bb, note Jim Reid, \u00e9conomiste de Deutsche Bank.<\/p>\n<p style=\"text-align:left\">\u00ab\u00a0Les n\u00e9gociations devraient se poursuivre cette semaine (&#8230;) mais l&rsquo;absence de progr\u00e8s concrets continue de faire h\u00e9siter les investisseurs\u00a0\u00bb, poursuit-il.<\/p>\n<p style=\"text-align:left\">C&rsquo;est dans ce contexte que la saison des r\u00e9sultats d&rsquo;entreprises pour le deuxi\u00e8me trimestre se tiendra ces deux prochaines semaines.<\/p>\n<p style=\"text-align:left\">Ils devraient \u00eatre \u00ab\u00a0fortement affect\u00e9s par l&rsquo;\u00e9volution des taux de change, ce qui est rare\u00a0\u00bb, estime Christopher Dembik, conseiller en investissement pour Pictet AM.<\/p>\n<p style=\"text-align:left\">La monnaie unique s&rsquo;est fortement appr\u00e9ci\u00e9e entre avril et fin juin, passant de 1,08 \u00e0 1,18 dollar pour un euro. Or, un euro fort rend les produits europ\u00e9ens plus chers \u00e0 l&rsquo;\u00e9tranger, donc moins comp\u00e9titifs.<\/p>\n<p style=\"text-align:left\"><b>Sanofi annonce une acquisition \u00e0 un milliard de dollars<\/b><\/p>\n<p style=\"text-align:left\">Le groupe pharmaceutique fran\u00e7ais Sanofi (-0,10% \u00e0 82,08 euros) a annonc\u00e9 mardi 22 juillet la signature d&rsquo;un accord pour l&rsquo;acquisition de la biotech britannique Vicebio pour un montant de plus d&rsquo;un milliard de dollars, ce qui lui permettra de mettre la main sur des candidats-vaccins contre des virus respiratoires.<\/p>\n<p style=\"text-align:left\"><b>Longchamp et Interparfums s&rsquo;associent<\/b><\/p>\n<p style=\"text-align:left\">La marque fran\u00e7aise de maroquinerie Longchamp et le groupe Interparfums (+0,73% \u00e0 33,10 euros) ont annonc\u00e9 mardi 22 juillet la signature d&rsquo;un accord de licence parfums courant jusqu&rsquo;au 31 d\u00e9cembre 2036. Les deux groupes pr\u00e9cisent pr\u00e9voir un premier lancement en 2027.<\/p>\n<p style=\"text-align:right\"><b>AFP\/VNA\/CVN<\/b><\/p>\n","protected":false},"excerpt":{"rendered":"La Bourse de Paris a ouvert en baisse mardi 22 juillet, dans un contexte d&rsquo;incertitudes li\u00e9es aux r\u00e9sultats&hellip;\n","protected":false},"author":2,"featured_media":266917,"comment_status":"","ping_status":"","sticky":false,"template":"","format":"standard","meta":{"footnotes":""},"categories":[1888],"tags":[11,340,313,1777,674,1011,27,12,626,25],"class_list":{"0":"post-266916","1":"post","2":"type-post","3":"status-publish","4":"format-standard","5":"has-post-thumbnail","7":"category-paris","8":"tag-actualites","9":"tag-bourse","10":"tag-entreprises","11":"tag-eu","12":"tag-europe","13":"tag-fr","14":"tag-france","15":"tag-news","16":"tag-paris","17":"tag-republique-francaise"},"share_on_mastodon":{"url":"https:\/\/pubeurope.com\/@fr\/114899980329208961","error":""},"_links":{"self":[{"href":"https:\/\/www.europesays.com\/fr\/wp-json\/wp\/v2\/posts\/266916","targetHints":{"allow":["GET"]}}],"collection":[{"href":"https:\/\/www.europesays.com\/fr\/wp-json\/wp\/v2\/posts"}],"about":[{"href":"https:\/\/www.europesays.com\/fr\/wp-json\/wp\/v2\/types\/post"}],"author":[{"embeddable":true,"href":"https:\/\/www.europesays.com\/fr\/wp-json\/wp\/v2\/users\/2"}],"replies":[{"embeddable":true,"href":"https:\/\/www.europesays.com\/fr\/wp-json\/wp\/v2\/comments?post=266916"}],"version-history":[{"count":0,"href":"https:\/\/www.europesays.com\/fr\/wp-json\/wp\/v2\/posts\/266916\/revisions"}],"wp:featuredmedia":[{"embeddable":true,"href":"https:\/\/www.europesays.com\/fr\/wp-json\/wp\/v2\/media\/266917"}],"wp:attachment":[{"href":"https:\/\/www.europesays.com\/fr\/wp-json\/wp\/v2\/media?parent=266916"}],"wp:term":[{"taxonomy":"category","embeddable":true,"href":"https:\/\/www.europesays.com\/fr\/wp-json\/wp\/v2\/categories?post=266916"},{"taxonomy":"post_tag","embeddable":true,"href":"https:\/\/www.europesays.com\/fr\/wp-json\/wp\/v2\/tags?post=266916"}],"curies":[{"name":"wp","href":"https:\/\/api.w.org\/{rel}","templated":true}]}}