{"id":26692,"date":"2025-04-15T14:08:08","date_gmt":"2025-04-15T14:08:08","guid":{"rendered":"https:\/\/www.europesays.com\/fr\/26692\/"},"modified":"2025-04-15T14:08:08","modified_gmt":"2025-04-15T14:08:08","slug":"ile-de-france-le-marche-des-deux-roues-motorises-toujours-en-chute-libre","status":"publish","type":"post","link":"https:\/\/www.europesays.com\/fr\/26692\/","title":{"rendered":"\u00cele-de-France\u00a0: le march\u00e9 des deux-roues motoris\u00e9s toujours \u00ab\u00a0en chute libre\u00a0\u00bb"},"content":{"rendered":"<p class=\"paragraph text_align_left\">\u00c7a d\u00e9marre mal ! En 2025, le march\u00e9 de la moto et du scooter risque bien d\u2019\u00eatre encore plus d\u00e9grad\u00e9 qu\u2019en 2024\u2026 Ann\u00e9e qui avait pourtant d\u00e9j\u00e0 \u00e9t\u00e9 marqu\u00e9e par <a href=\"https:\/\/www.leparisien.fr\/info-paris-ile-de-france-oise\/transports\/stationnement-payant-voirie-reduite-meteo-les-ventes-des-deux-roues-motorises-chutent-en-ile-de-france-02-09-2024-ISHAKCSPCJEBTN4YVESZBD26HM.php\" target=\"_blank\" rel=\"nofollow noopener\">un recul g\u00e9n\u00e9ralis\u00e9 des ventes. <\/a>Voil\u00e0 le sombre pronostic dress\u00e9 par la Solly-Azar (courtier en assurance moto), qui vient de diffuser le bilan trimestriel de son observatoire du deux-roues. Les donn\u00e9es des immatriculations collect\u00e9es par le cabinet sp\u00e9cialis\u00e9 AAA Data (qui r\u00e9alise ce barom\u00e8tre) sont sans appel : depuis le d\u00e9but de l\u2019ann\u00e9e, <a href=\"https:\/\/www.leparisien.fr\/info-paris-ile-de-france-oise\/transports\/le-marche-du-deux-roues-motorise-poursuit-sa-descente-en-ile-de-france-en-ville-le-cyclo-cest-fini-22-01-2025-6AWFPCJK3BAO5OE7SLNIDMQWZM.php\" target=\"_blank\" rel=\"nofollow noopener\">le march\u00e9 est \u00ab en chute libre \u00bb<\/a>.<\/p>\n<p class=\"paragraph text_align_left\">\u00c0 l\u2019\u00e9chelle nationale, le nombre d\u2019immatriculations de deux-roues (tous segments confondus) a chut\u00e9 de 21 % par rapport au 1er trimestre 2024. Une baisse d\u2019autant plus vertigineuse qu\u2019elle concerne \u00e0 la fois le march\u00e9 des v\u00e9hicules neufs (-22 %) et celui de l\u2019occasion (-20 %). En \u00cele-de-France \u2014 qui reste la premi\u00e8re r\u00e9gion \u00ab motarde \u00bb de France en termes de volume de ventes avec 33 000 immatriculations recens\u00e9es de janvier \u00e0 mars \u2014, le march\u00e9 ne recule \u00ab que \u00bb de 13 % par rapport au 1er trimestre 2024. Mais le ralentissement de l\u2019activit\u00e9 \u00ab deux-roues \u00bb y avait d\u00e9but\u00e9 beaucoup plus t\u00f4t que dans les autres r\u00e9gions.<\/p>\n","protected":false},"excerpt":{"rendered":"\u00c7a d\u00e9marre mal ! En 2025, le march\u00e9 de la moto et du scooter risque bien d\u2019\u00eatre encore&hellip;\n","protected":false},"author":2,"featured_media":26693,"comment_status":"","ping_status":"","sticky":false,"template":"","format":"standard","meta":{"footnotes":""},"categories":[1592],"tags":[1111,11,1777,674,1011,27,662,1944,12,626,25,2382],"class_list":{"0":"post-26692","1":"post","2":"type-post","3":"status-publish","4":"format-standard","5":"has-post-thumbnail","7":"category-ile-de-france","8":"tag-actu","9":"tag-actualites","10":"tag-eu","11":"tag-europe","12":"tag-fr","13":"tag-france","14":"tag-ile-de-france","15":"tag-ma-ville","16":"tag-news","17":"tag-paris","18":"tag-republique-francaise","19":"tag-transport-idf-oise"},"share_on_mastodon":{"url":"https:\/\/pubeurope.com\/@fr\/114342376813525680","error":""},"_links":{"self":[{"href":"https:\/\/www.europesays.com\/fr\/wp-json\/wp\/v2\/posts\/26692","targetHints":{"allow":["GET"]}}],"collection":[{"href":"https:\/\/www.europesays.com\/fr\/wp-json\/wp\/v2\/posts"}],"about":[{"href":"https:\/\/www.europesays.com\/fr\/wp-json\/wp\/v2\/types\/post"}],"author":[{"embeddable":true,"href":"https:\/\/www.europesays.com\/fr\/wp-json\/wp\/v2\/users\/2"}],"replies":[{"embeddable":true,"href":"https:\/\/www.europesays.com\/fr\/wp-json\/wp\/v2\/comments?post=26692"}],"version-history":[{"count":0,"href":"https:\/\/www.europesays.com\/fr\/wp-json\/wp\/v2\/posts\/26692\/revisions"}],"wp:featuredmedia":[{"embeddable":true,"href":"https:\/\/www.europesays.com\/fr\/wp-json\/wp\/v2\/media\/26693"}],"wp:attachment":[{"href":"https:\/\/www.europesays.com\/fr\/wp-json\/wp\/v2\/media?parent=26692"}],"wp:term":[{"taxonomy":"category","embeddable":true,"href":"https:\/\/www.europesays.com\/fr\/wp-json\/wp\/v2\/categories?post=26692"},{"taxonomy":"post_tag","embeddable":true,"href":"https:\/\/www.europesays.com\/fr\/wp-json\/wp\/v2\/tags?post=26692"}],"curies":[{"name":"wp","href":"https:\/\/api.w.org\/{rel}","templated":true}]}}