{"id":266920,"date":"2025-07-23T01:36:25","date_gmt":"2025-07-23T01:36:25","guid":{"rendered":"https:\/\/www.europesays.com\/fr\/266920\/"},"modified":"2025-07-23T01:36:25","modified_gmt":"2025-07-23T01:36:25","slug":"conversation-en-direct-sur-les-reseaux-sociaux-au-sujet-de-la-situation-en-ukraine-et-de-la-securite-de-leurope","status":"publish","type":"post","link":"https:\/\/www.europesays.com\/fr\/266920\/","title":{"rendered":"Conversation en direct sur les r\u00e9seaux sociaux au sujet de la situation en Ukraine et de la s\u00e9curit\u00e9 de l&rsquo;Europe."},"content":{"rendered":"<p><strong>Le Pr\u00e9sident Emmanuel Macron a r\u00e9pondu en direct, sur les r\u00e9seaux sociaux, aux questions des internautes sur la situation en Ukraine et la s\u00e9curit\u00e9 de l&rsquo;Europe, ce jeudi 20 f\u00e9vrier 2025.<\/strong><\/p>\n<p>Suite aux <strong>deux r\u00e9unions\u00a0informelles\u00a0sur la situation en Ukraine et les enjeux de la s\u00e9curit\u00e9 en Europe<\/strong> qui ont eu lieu en d\u00e9but de semaine,\u00a0avec les chefs d&rsquo;\u00c9tat et de gouvernement europ\u00e9ens, le Pr\u00e9sident de la R\u00e9publique\u00a0a re\u00e7u beaucoup de commentaires, de messages et de courriers sur le sujet.<\/p>\n<p>Il a d\u00e9cid\u00e9 d&rsquo;y\u00a0r\u00e9pondre en direct sur ses r\u00e9seaux sociaux.<\/p>\n<p>Il a r\u00e9pondu \u00e0 plusieurs questions\u00a0sur des\u00a0sujets li\u00e9s notamment au positionnement de la France, \u00e0 l&rsquo;action de l&rsquo;UE et de\u00a0l&rsquo;OTAN, et il a soulign\u00e9 l&rsquo;importance de\u00a0<strong>faire Nation<\/strong> et de rester unis face aux bouleversements g\u00e9opolitiques.\u00a0<\/p>\n","protected":false},"excerpt":{"rendered":"Le Pr\u00e9sident Emmanuel Macron a r\u00e9pondu en direct, sur les r\u00e9seaux sociaux, aux questions des internautes sur la&hellip;\n","protected":false},"author":2,"featured_media":266921,"comment_status":"","ping_status":"","sticky":false,"template":"","format":"standard","meta":{"footnotes":""},"categories":[1590],"tags":[11,2813,554,1777,674,14,12,132,656,40650,220],"class_list":{"0":"post-266920","1":"post","2":"type-post","3":"status-publish","4":"format-standard","5":"has-post-thumbnail","7":"category-ukraine","8":"tag-actualites","9":"tag-article","10":"tag-defense","11":"tag-eu","12":"tag-europe","13":"tag-international","14":"tag-news","15":"tag-russie","16":"tag-securite","17":"tag-securite-et-justice","18":"tag-ukraine"},"share_on_mastodon":{"url":"https:\/\/pubeurope.com\/@fr\/114899988240971410","error":""},"_links":{"self":[{"href":"https:\/\/www.europesays.com\/fr\/wp-json\/wp\/v2\/posts\/266920","targetHints":{"allow":["GET"]}}],"collection":[{"href":"https:\/\/www.europesays.com\/fr\/wp-json\/wp\/v2\/posts"}],"about":[{"href":"https:\/\/www.europesays.com\/fr\/wp-json\/wp\/v2\/types\/post"}],"author":[{"embeddable":true,"href":"https:\/\/www.europesays.com\/fr\/wp-json\/wp\/v2\/users\/2"}],"replies":[{"embeddable":true,"href":"https:\/\/www.europesays.com\/fr\/wp-json\/wp\/v2\/comments?post=266920"}],"version-history":[{"count":0,"href":"https:\/\/www.europesays.com\/fr\/wp-json\/wp\/v2\/posts\/266920\/revisions"}],"wp:featuredmedia":[{"embeddable":true,"href":"https:\/\/www.europesays.com\/fr\/wp-json\/wp\/v2\/media\/266921"}],"wp:attachment":[{"href":"https:\/\/www.europesays.com\/fr\/wp-json\/wp\/v2\/media?parent=266920"}],"wp:term":[{"taxonomy":"category","embeddable":true,"href":"https:\/\/www.europesays.com\/fr\/wp-json\/wp\/v2\/categories?post=266920"},{"taxonomy":"post_tag","embeddable":true,"href":"https:\/\/www.europesays.com\/fr\/wp-json\/wp\/v2\/tags?post=266920"}],"curies":[{"name":"wp","href":"https:\/\/api.w.org\/{rel}","templated":true}]}}