{"id":266925,"date":"2025-07-23T01:39:17","date_gmt":"2025-07-23T01:39:17","guid":{"rendered":"https:\/\/www.europesays.com\/fr\/266925\/"},"modified":"2025-07-23T01:39:17","modified_gmt":"2025-07-23T01:39:17","slug":"elections-federales-allemandes-tout-ce-quil-faut-savoir-sur-le-scrutin","status":"publish","type":"post","link":"https:\/\/www.europesays.com\/fr\/266925\/","title":{"rendered":"Elections f\u00e9d\u00e9rales allemandes : tout ce qu&rsquo;il faut savoir sur le scrutin"},"content":{"rendered":"<p>\tElections f\u00e9d\u00e9rales allemandes : tout ce qu&rsquo;il faut savoir sur le scrutin &#8211; Touteleurope.eu<\/p>\n<p>\t\t<img decoding=\"async\" alt=\"fermer\" class=\"close-info\" src=\"https:\/\/www.touteleurope.eu\/wp-content\/themes\/toute_leurope\/assets\/images\/close-picto-blue.svg\"\/><\/p>\n<p>Touteleurope.eu est le site p\u00e9dagogique de r\u00e9f\u00e9rence sur les questions europ\u00e9ennes : <a href=\"https:\/\/www.touteleurope.eu\/qui-sommes-nous\/\" target=\"_blank\" rel=\"noopener nofollow\">Qui sommes-nous ?<\/a><\/p>\n<p><img decoding=\"async\" class=\"logo-pdf\" alt=\"Toute L'Europe \u2013 Comprendre l'Europe\" src=\"https:\/\/www.touteleurope.eu\/wp-content\/themes\/toute_leurope\/assets\/images\/logo-ttl.svg\"\/><\/p>\n","protected":false},"excerpt":{"rendered":"Elections f\u00e9d\u00e9rales allemandes : tout ce qu&rsquo;il faut savoir sur le scrutin &#8211; Touteleurope.eu Touteleurope.eu est le site&hellip;\n","protected":false},"author":2,"featured_media":266926,"comment_status":"","ping_status":"","sticky":false,"template":"","format":"standard","meta":{"footnotes":""},"categories":[1587],"tags":[11,672,1804,1805,1803,2339,33,5949,1777,674,1076,1801,1061,12,5439,316,1802,5440],"class_list":{"0":"post-266925","1":"post","2":"type-post","3":"status-publish","4":"format-standard","5":"has-post-thumbnail","7":"category-allemagne","8":"tag-actualites","9":"tag-allemagne","10":"tag-bundesrepublik-deutschland","11":"tag-de","12":"tag-deutschland","13":"tag-ecologistes","14":"tag-economie","15":"tag-elections","16":"tag-eu","17":"tag-europe","18":"tag-extreme-droite","19":"tag-germany","20":"tag-immigration","21":"tag-news","22":"tag-parti-social-democrate-spd","23":"tag-politique","24":"tag-republique-federale-dallemagne","25":"tag-union-chretienne-democrate-dallemagne-cdu"},"share_on_mastodon":{"url":"https:\/\/pubeurope.com\/@fr\/114900000120307959","error":""},"_links":{"self":[{"href":"https:\/\/www.europesays.com\/fr\/wp-json\/wp\/v2\/posts\/266925","targetHints":{"allow":["GET"]}}],"collection":[{"href":"https:\/\/www.europesays.com\/fr\/wp-json\/wp\/v2\/posts"}],"about":[{"href":"https:\/\/www.europesays.com\/fr\/wp-json\/wp\/v2\/types\/post"}],"author":[{"embeddable":true,"href":"https:\/\/www.europesays.com\/fr\/wp-json\/wp\/v2\/users\/2"}],"replies":[{"embeddable":true,"href":"https:\/\/www.europesays.com\/fr\/wp-json\/wp\/v2\/comments?post=266925"}],"version-history":[{"count":0,"href":"https:\/\/www.europesays.com\/fr\/wp-json\/wp\/v2\/posts\/266925\/revisions"}],"wp:featuredmedia":[{"embeddable":true,"href":"https:\/\/www.europesays.com\/fr\/wp-json\/wp\/v2\/media\/266926"}],"wp:attachment":[{"href":"https:\/\/www.europesays.com\/fr\/wp-json\/wp\/v2\/media?parent=266925"}],"wp:term":[{"taxonomy":"category","embeddable":true,"href":"https:\/\/www.europesays.com\/fr\/wp-json\/wp\/v2\/categories?post=266925"},{"taxonomy":"post_tag","embeddable":true,"href":"https:\/\/www.europesays.com\/fr\/wp-json\/wp\/v2\/tags?post=266925"}],"curies":[{"name":"wp","href":"https:\/\/api.w.org\/{rel}","templated":true}]}}