{"id":266929,"date":"2025-07-23T01:41:10","date_gmt":"2025-07-23T01:41:10","guid":{"rendered":"https:\/\/www.europesays.com\/fr\/266929\/"},"modified":"2025-07-23T01:41:10","modified_gmt":"2025-07-23T01:41:10","slug":"les-dirigeants-de-lue-se-preparent-a-un-sommet-tendu-avec-la-chine-sur-fond-de-frictions-commerciales","status":"publish","type":"post","link":"https:\/\/www.europesays.com\/fr\/266929\/","title":{"rendered":"Les dirigeants de l&rsquo;UE se pr\u00e9parent \u00e0 un sommet tendu avec la Chine sur fond de frictions commerciales"},"content":{"rendered":"<p>Les attentes sont au plus bas pour le sommet UE-Chine pr\u00e9vu ce jeudi, qui mettra \u00e0 l\u2019\u00e9preuve la r\u00e9solution et l\u2019unit\u00e9 europ\u00e9ennes alors que le bloc subit une forte pression commerciale, tant de la part de P\u00e9kin que des \u00c9tats-Unis, estiment les analystes.<\/p>\n<p>La pr\u00e9sidente de la Commission europ\u00e9enne, Ursula von der Leyen, et le pr\u00e9sident du Conseil europ\u00e9en, Antonio Costa, comptent interpeller les dirigeants chinois sur la question des terres rares et la guerre en Ukraine, deux sujets de tension, lors du sommet \u00e0 P\u00e9kin.<\/p>\n<p>Peu d\u2019espoir de perc\u00e9e r\u00e9elle, alors que les deux parties sont confront\u00e9es \u00e0 de grands d\u00e9fis pour maintenir leur croissance \u00e9conomique et que l\u2019Europe peine \u00e0 renforcer son soutien \u00e0 l\u2019Ukraine.<\/p>\n<p>Le sommet, initialement pr\u00e9vu sur deux jours, a \u00e9t\u00e9 ramen\u00e9 \u00e0 une seule journ\u00e9e en raison d\u2019un \u00ab\u00a0conflit d\u2019agenda\u00a0\u00bb soulev\u00e9 par les responsables chinois, selon deux sources proches de l\u2019organisation interrog\u00e9es par Reuters. Une table ronde d\u2019affaires, qui devait se tenir le deuxi\u00e8me jour \u00e0 Hefei, aura finalement lieu \u00e0 P\u00e9kin, selon l\u2019une des sources.<\/p>\n<p>Les deux parties pourraient parvenir \u00e0 une d\u00e9claration commune modeste sur le climat, selon une source, mais aucun autre r\u00e9sultat concret n\u2019est attendu.<\/p>\n<p>Dans plusieurs discours r\u00e9cents, Ursula von der Leyen a raviv\u00e9 une rh\u00e9torique ferme \u00e0 l\u2019\u00e9gard de la Chine, accusant, le 8 juillet, P\u00e9kin de \u00ab\u00a0favoriser l\u2019\u00e9conomie de guerre de la Russie\u00a0\u00bb et de saturer les march\u00e9s mondiaux par sa surcapacit\u00e9.<\/p>\n<p>\u00ab\u00a0Nous savons que nous ne partageons pas la m\u00eame vision que la Chine sur de nombreux sujets, mais il est essentiel d\u2019avoir ce type de conversation tr\u00e8s directe, ouverte et constructive\u00a0\u00bb, a d\u00e9clar\u00e9 un responsable de l\u2019UE.<\/p>\n<p>Ce responsable et les sources ont demand\u00e9 \u00e0 rester anonymes, n\u2019\u00e9tant pas autoris\u00e9s \u00e0 s\u2019exprimer publiquement.<\/p>\n<p>Un porte-parole de la Commission europ\u00e9enne a renvoy\u00e9 \u00e0 un communiqu\u00e9 annon\u00e7ant le sommet, indiquant que les dirigeants \u00e9voqueraient les moyens d\u2019assurer une \u00ab\u00a0relation commerciale plus \u00e9quilibr\u00e9e, r\u00e9ciproque et mutuellement b\u00e9n\u00e9fique\u00a0\u00bb.<\/p>\n<p>En r\u00e9ponse aux questions de Reuters, le minist\u00e8re chinois des Affaires \u00e9trang\u00e8res a renvoy\u00e9 \u00e0 une d\u00e9claration de son porte-parole lundi.<\/p>\n<p>\u00ab\u00a0Certaines personnes en Europe continuent d\u2019exag\u00e9rer des questions \u00e9conomiques et commerciales sp\u00e9cifiques et de porter des accusations sans fondement contre la Chine sur la question ukrainienne, ce qui perturbe inutilement les relations Chine-UE\u00a0\u00bb, a d\u00e9clar\u00e9 le porte-parole.<\/p>\n<p><b>TENSIONS CROISSANTES<\/b><\/p>\n<p>L\u2019Union europ\u00e9enne, forte de 27 membres, n\u00e9gocie \u00e9galement fermement avec Washington, apr\u00e8s que le pr\u00e9sident am\u00e9ricain Donald Trump a menac\u00e9 d\u2019imposer des droits de douane de 30\u00a0% sur la plupart des exportations europ\u00e9ennes \u00e0 compter du 1er ao\u00fbt, alors que les perspectives d\u2019un accord commercial global s\u2019\u00e9loignent.<\/p>\n<p>Lors du sommet \u00e0 P\u00e9kin, la Chine esp\u00e8re pousser l\u2019UE \u00e0 trouver une solution sur ses droits de douane visant les v\u00e9hicules \u00e9lectriques chinois, P\u00e9kin affirmant que les n\u00e9gociations sur les engagements de prix sont \u00ab\u00a0\u00e0 un stade final\u00a0\u00bb. Mais les responsables europ\u00e9ens estiment que peu de progr\u00e8s ont \u00e9t\u00e9 r\u00e9alis\u00e9s depuis des mois.<\/p>\n<p>La semaine derni\u00e8re, la Chine a menac\u00e9 de r\u00e9pliquer aux sanctions europ\u00e9ennes visant deux banques et cinq entreprises chinoises en lien avec la guerre en Ukraine. Son minist\u00e8re du Commerce a d\u00e9clar\u00e9 lundi que ces sanctions \u00ab\u00a0portaient gravement atteinte aux liens commerciaux, \u00e9conomiques et financiers\u00a0\u00bb.<\/p>\n<p>D\u2019autres diff\u00e9rends commerciaux persistent en toile de fond. La Chine a r\u00e9pliqu\u00e9 aux restrictions europ\u00e9ennes sur les dispositifs m\u00e9dicaux en instaurant ses propres limitations le 6 juillet, et a impos\u00e9 des droits de douane \u00e0 des producteurs fran\u00e7ais de cognac.<\/p>\n<p>Les exportations chinoises vers l\u2019UE ont augment\u00e9 en mai, tandis que celles vers les \u00c9tats-Unis ont chut\u00e9 de 34,5\u00a0% en valeur sur la m\u00eame p\u00e9riode, alimentant les craintes que la surcapacit\u00e9 commerciale chinoise soit redirig\u00e9e vers l\u2019Europe en raison des droits de douane am\u00e9ricains.<\/p>\n<p>On ressent \u00e9galement un sentiment croissant que les entreprises europ\u00e9ennes font les frais des contr\u00f4les chinois sur les exportations de terres rares, principalement destin\u00e9s \u00e0 Washington mais perturbant les cha\u00eenes d\u2019approvisionnement europ\u00e9ennes dans la d\u00e9fense et l\u2019automobile.<\/p>\n<p>En \u00e9change de concessions sur les terres rares, la Chine pourrait exiger la relance d\u2019un accord d\u2019investissement longtemps bloqu\u00e9, apr\u00e8s avoir lev\u00e9 en mai les sanctions contre des membres du Parlement europ\u00e9en, et demander une opposition europ\u00e9enne aux restrictions am\u00e9ricaines sur les \u00e9quipements de fabrication de puces du N\u00e9erlandais ASML.<\/p>\n<p>La Chine a soulev\u00e9 ces deux sujets dans les semaines pr\u00e9c\u00e9dant le sommet, selon deux sources proches du dossier.<\/p>\n<p><b>\u00ab\u00a0LES GANTS SONT TOMB\u00c9S\u00a0\u00bb<\/b><\/p>\n<p>\u00ab\u00a0Le climat est extr\u00eamement pessimiste en Europe \u00e0 l\u2019approche du sommet\u00a0\u00bb, analyse Mathieu Duch\u00e2tel, directeur \u00e0 l\u2019Institut Montaigne \u00e0 Paris, ajoutant que Washington a rejet\u00e9 les propositions europ\u00e9ennes pr\u00e9c\u00e9dentes de coordination sur la Chine.<\/p>\n<p>\u00ab\u00a0On a le sentiment que les gants sont tomb\u00e9s c\u00f4t\u00e9 chinois&#8230; Ils sentent que la relation transatlantique s\u2019est affaiblie et cherchent \u00e0 en profiter.\u00a0\u00bb<\/p>\n<p>Diplomates et analystes rel\u00e8vent aussi une frustration croissante de la Chine, en coulisses, face \u00e0 l\u2019insistance europ\u00e9enne sur la guerre en Ukraine, que P\u00e9kin consid\u00e8re comme un obstacle \u00e0 la relation.<\/p>\n<p>Il y a peu d\u2019espace pour un dialogue constructif sur ce sujet, reconna\u00eet un autre responsable europ\u00e9en, les interlocuteurs chinois niant toute preuve d\u2019implication d\u2019entreprises chinoises dans la fourniture de biens \u00e0 double usage \u00e0 la Russie.<\/p>\n<p>Parall\u00e8lement, la Chine estime que l\u2019Europe c\u00e9dera \u00e0 la pression des droits de douane am\u00e9ricains, selon un diplomate au fait de la pens\u00e9e officielle chinoise.<\/p>\n<p>P\u00e9kin a obtenu de Donald Trump qu\u2019il r\u00e9duise des droits de douane \u00e9crasants de 145\u00a0% lors de discussions en mai, et a remport\u00e9 un succ\u00e8s suppl\u00e9mentaire lorsque Washington a accept\u00e9 de reprendre les exportations de puces d\u2019IA Nvidia H20, ce qui la place en position de force relative.<\/p>\n<p>\u00ab\u00a0Ce sera le dernier d\u2019une longue liste de sommets UE-Chine qui n\u2019ont quasiment rien donn\u00e9\u00a0\u00bb, estime Noah Barkin, conseiller principal au sein du Rhodium Group, sp\u00e9cialiste de la Chine.<\/p>\n<p>\u00ab\u00a0C\u2019est le signe que les probl\u00e8mes \u00e9conomiques et s\u00e9curitaires dans la relation sont devenus si profonds qu\u2019ils en sont irr\u00e9conciliables.\u00a0\u00bb<\/p>\n","protected":false},"excerpt":{"rendered":"Les attentes sont au plus bas pour le sommet UE-Chine pr\u00e9vu ce jeudi, qui mettra \u00e0 l\u2019\u00e9preuve la&hellip;\n","protected":false},"author":2,"featured_media":266930,"comment_status":"","ping_status":"","sticky":false,"template":"","format":"standard","meta":{"footnotes":""},"categories":[1586],"tags":[11,340,1777,674,1779,1011,27,12,25,1778,364],"class_list":{"0":"post-266929","1":"post","2":"type-post","3":"status-publish","4":"format-standard","5":"has-post-thumbnail","7":"category-europe","8":"tag-actualites","9":"tag-bourse","10":"tag-eu","11":"tag-europe","12":"tag-european-union","13":"tag-fr","14":"tag-france","15":"tag-news","16":"tag-republique-francaise","17":"tag-ue","18":"tag-union-europeenne"},"share_on_mastodon":{"url":"https:\/\/pubeurope.com\/@fr\/114900007860783165","error":""},"_links":{"self":[{"href":"https:\/\/www.europesays.com\/fr\/wp-json\/wp\/v2\/posts\/266929","targetHints":{"allow":["GET"]}}],"collection":[{"href":"https:\/\/www.europesays.com\/fr\/wp-json\/wp\/v2\/posts"}],"about":[{"href":"https:\/\/www.europesays.com\/fr\/wp-json\/wp\/v2\/types\/post"}],"author":[{"embeddable":true,"href":"https:\/\/www.europesays.com\/fr\/wp-json\/wp\/v2\/users\/2"}],"replies":[{"embeddable":true,"href":"https:\/\/www.europesays.com\/fr\/wp-json\/wp\/v2\/comments?post=266929"}],"version-history":[{"count":0,"href":"https:\/\/www.europesays.com\/fr\/wp-json\/wp\/v2\/posts\/266929\/revisions"}],"wp:featuredmedia":[{"embeddable":true,"href":"https:\/\/www.europesays.com\/fr\/wp-json\/wp\/v2\/media\/266930"}],"wp:attachment":[{"href":"https:\/\/www.europesays.com\/fr\/wp-json\/wp\/v2\/media?parent=266929"}],"wp:term":[{"taxonomy":"category","embeddable":true,"href":"https:\/\/www.europesays.com\/fr\/wp-json\/wp\/v2\/categories?post=266929"},{"taxonomy":"post_tag","embeddable":true,"href":"https:\/\/www.europesays.com\/fr\/wp-json\/wp\/v2\/tags?post=266929"}],"curies":[{"name":"wp","href":"https:\/\/api.w.org\/{rel}","templated":true}]}}