{"id":266933,"date":"2025-07-23T01:43:15","date_gmt":"2025-07-23T01:43:15","guid":{"rendered":"https:\/\/www.europesays.com\/fr\/266933\/"},"modified":"2025-07-23T01:43:15","modified_gmt":"2025-07-23T01:43:15","slug":"stat-folle-ekitike-va-devenir-le-cinquieme-palindrome-de-liverpool-angleterre-liverpool","status":"publish","type":"post","link":"https:\/\/www.europesays.com\/fr\/266933\/","title":{"rendered":"Stat folle : Ekitike va devenir le cinqui\u00e8me palindrome de Liverpool &#8211; Angleterre &#8211; Liverpool"},"content":{"rendered":"<p data-start=\"32\" data-end=\"81\">Ekitike dans un kayak sans ressasser.<\/p>\n<p data-start=\"83\" data-end=\"570\"><strong>Hugo Ekitike ne va pas seulement <a target=\"_blank\" href=\"https:\/\/www.sofoot.com\/articles\/hugo-ekitike-a-liverpool-un-transfert-surprise-pour-lancien-attaquant-du-psg\" rel=\"nofollow noopener\">signer \u00e0 Liverpool cet \u00e9t\u00e9<\/a>.<\/strong> Il fait aussi entrer son nom dans une caste aussi restreinte qu\u2019inutile : <strong>celle des palindromes pass\u00e9s par les Reds<\/strong>. Eh oui, Ekitike, sept lettres, trois voyelles et un miroir au milieu. \u00c0 ce jeu-l\u00e0, il deviendra <strong>le cinqui\u00e8me joueur palindrome (mais pas le premier r\u00e9mois) recens\u00e9 du c\u00f4t\u00e9 d\u2019Anfield<\/strong>, apr\u00e8s Andrew Hannah, David Hannah, Ozan Kabak et\u2026 Sheyi Ojo. Un cercle tr\u00e8s ferm\u00e9, mais ouvert dans les deux sens quand m\u00eame.<\/p>\n<p>Une attaque en palindrome<\/p>\n<p data-start=\"603\" data-end=\"1000\">L\u2019ancien attaquant du PSG s\u2019appr\u00eate \u00e0 signer dans le nord de l\u2019Angleterre pour<strong> la coquette somme de 78 millions<\/strong> et devrait <strong>passer sa visite m\u00e9dicale ce mardi<\/strong>, selon <a target=\"_blank\" href=\"https:\/\/www.lequipe.fr\/Football\/Actualites\/Mercato-hugo-ekitike-arrive-a-liverpool-pour-signer-son-contrat\/1579922\" rel=\"nofollow noopener\">L\u2019\u00c9quipe<\/a>. Et si certains y voient un pur hasard, d\u2019autres crient d\u00e9j\u00e0 au coup de com linguistique de la part de Liverpool. Dans un mercato o\u00f9 l\u2019on vend des projets \u00e0 coups de storytelling, un nom palindrome fait toujours le taf.<\/p>\n<p data-start=\"1002\" data-end=\"1087\">Et pourquoi pas un futur transfert \u00e0 Everton ? Pour voir s\u2019il est bon des deux c\u00f4t\u00e9s.<\/p>\n<p>\t\t\t\t\t\t\t\t\t\t<a class=\"lien-connexe\" href=\"https:\/\/www.sofoot.com\/breves\/la-legende-du-pays-de-galles-et-de-liverpool-joey-jones-est-morte-a-70-ans\" rel=\"nofollow noopener\" target=\"_blank\">Disparition de Joey Jones, l\u00e9gende du Pays de Galles et de Liverpool<\/a>\t\t\t\t\t<\/p>\n","protected":false},"excerpt":{"rendered":"Ekitike dans un kayak sans ressasser. Hugo Ekitike ne va pas seulement signer \u00e0 Liverpool cet \u00e9t\u00e9. Il&hellip;\n","protected":false},"author":2,"featured_media":266934,"comment_status":"","ping_status":"","sticky":false,"template":"","format":"standard","meta":{"footnotes":""},"categories":[2],"tags":[47,11,61,69,65,64,63,1011,27,68,66,12,62,70,25,67],"class_list":{"0":"post-266933","1":"post","2":"type-post","3":"status-publish","4":"format-standard","5":"has-post-thumbnail","7":"category-actualites","8":"tag-actualite","9":"tag-actualites","10":"tag-actus-football","11":"tag-bundesliga","12":"tag-championnats-europeens","13":"tag-equipe-de-france","14":"tag-football","15":"tag-fr","16":"tag-france","17":"tag-ligua","18":"tag-ligue-1","19":"tag-news","20":"tag-news-foot","21":"tag-premier-league","22":"tag-republique-francaise","23":"tag-serie-a"},"share_on_mastodon":{"url":"https:\/\/pubeurope.com\/@fr\/114900015761813931","error":""},"_links":{"self":[{"href":"https:\/\/www.europesays.com\/fr\/wp-json\/wp\/v2\/posts\/266933","targetHints":{"allow":["GET"]}}],"collection":[{"href":"https:\/\/www.europesays.com\/fr\/wp-json\/wp\/v2\/posts"}],"about":[{"href":"https:\/\/www.europesays.com\/fr\/wp-json\/wp\/v2\/types\/post"}],"author":[{"embeddable":true,"href":"https:\/\/www.europesays.com\/fr\/wp-json\/wp\/v2\/users\/2"}],"replies":[{"embeddable":true,"href":"https:\/\/www.europesays.com\/fr\/wp-json\/wp\/v2\/comments?post=266933"}],"version-history":[{"count":0,"href":"https:\/\/www.europesays.com\/fr\/wp-json\/wp\/v2\/posts\/266933\/revisions"}],"wp:featuredmedia":[{"embeddable":true,"href":"https:\/\/www.europesays.com\/fr\/wp-json\/wp\/v2\/media\/266934"}],"wp:attachment":[{"href":"https:\/\/www.europesays.com\/fr\/wp-json\/wp\/v2\/media?parent=266933"}],"wp:term":[{"taxonomy":"category","embeddable":true,"href":"https:\/\/www.europesays.com\/fr\/wp-json\/wp\/v2\/categories?post=266933"},{"taxonomy":"post_tag","embeddable":true,"href":"https:\/\/www.europesays.com\/fr\/wp-json\/wp\/v2\/tags?post=266933"}],"curies":[{"name":"wp","href":"https:\/\/api.w.org\/{rel}","templated":true}]}}