{"id":266937,"date":"2025-07-23T01:47:10","date_gmt":"2025-07-23T01:47:10","guid":{"rendered":"https:\/\/www.europesays.com\/fr\/266937\/"},"modified":"2025-07-23T01:47:10","modified_gmt":"2025-07-23T01:47:10","slug":"le-fils-dun-ancien-grand-international-francais-arrive-a-lasbh-beziers-a-annonce-lidentite-de-sa-sixieme-recrue","status":"publish","type":"post","link":"https:\/\/www.europesays.com\/fr\/266937\/","title":{"rendered":"Le fils d\u2019un ancien grand international fran\u00e7ais arrive \u00e0 l\u2019ASBH\u00a0: B\u00e9ziers a annonc\u00e9 l\u2019identit\u00e9 de sa sixi\u00e8me recrue"},"content":{"rendered":"<p>\n                                                                Un sixi\u00e8me joueur a \u00e9t\u00e9 recrut\u00e9 par l\u2019ASBH pour jouer sous les couleurs biterroises la saison prochaine au poste d\u2019ouvreur, ce mardi 22\u00a0juillet, et son nom est loin d\u2019\u00eatre inconnu pour les supporters de B\u00e9ziers.\n                            <\/p>\n<p>Ce mardi 22juillet, l\u2019ASBH a annonc\u00e9 le recrutement d\u2019une sixi\u00e8me recrue pour la saison prochaine, au poste de demi d\u2019ouverture. Le nouveau staff de Rory Teague pourra compter sur un jeune joueur dont le nom est loin d\u2019\u00eatre inconnu pour les fans biterrois.<\/p>\n<p>Hugo Szarzewski, fils du talonneur international Dimitri Szarzewski form\u00e9 \u00e0 B\u00e9ziers, \u00ab\u00a0rejoint le club pour cette saison\u00a0\u00bb\u00a0a inform\u00e9 l\u2019ASBH. \u00ab\u00a0Form\u00e9 au Racing 92, avec un passage par le Stade Toulousain (2022-2023). Hugo s\u2019est illustr\u00e9 aussi bien \u00e0 XV, dans le championnat Espoirs avec les Ciel et Blanc, qu\u2019\u00e0 7, notamment lors du Super Sevens 2022 avec le Stade Toulousaine\u00a0\u00bb, ajoute le club.<\/p>\n<p>Premier match de pr\u00e9paration le 12\u00a0ao\u00fbt avant la Feria<\/p>\n<p>Szarzewski et l\u2019ensemble des Biterrois disputeront leur premier match de pr\u00e9paration le 12\u00a0ao\u00fbt pour le match de la Feria de B\u00e9ziers, face \u00e0 Narbonne, \u00e0 19\u00a0h\u00a030 au stade Raoul-Barri\u00e8re.<\/p>\n<p>Les places sont actuellement en vente au prix de 10\u00a0\u20ac sur le site du club, l\u2019entr\u00e9e \u00e9tant gratuite pour les abonn\u00e9s des deux clubs et les enfants de moins de 12 ans.<\/p>\n","protected":false},"excerpt":{"rendered":"Un sixi\u00e8me joueur a \u00e9t\u00e9 recrut\u00e9 par l\u2019ASBH pour jouer sous les couleurs biterroises la saison prochaine au&hellip;\n","protected":false},"author":2,"featured_media":266938,"comment_status":"","ping_status":"","sticky":false,"template":"","format":"standard","meta":{"footnotes":""},"categories":[1416],"tags":[1011,27,479,1468,60],"class_list":{"0":"post-266937","1":"post","2":"type-post","3":"status-publish","4":"format-standard","5":"has-post-thumbnail","7":"category-rugby","8":"tag-fr","9":"tag-france","10":"tag-rugby","11":"tag-rugby-football","12":"tag-sports"},"share_on_mastodon":{"url":"https:\/\/pubeurope.com\/@fr\/114900031400104905","error":""},"_links":{"self":[{"href":"https:\/\/www.europesays.com\/fr\/wp-json\/wp\/v2\/posts\/266937","targetHints":{"allow":["GET"]}}],"collection":[{"href":"https:\/\/www.europesays.com\/fr\/wp-json\/wp\/v2\/posts"}],"about":[{"href":"https:\/\/www.europesays.com\/fr\/wp-json\/wp\/v2\/types\/post"}],"author":[{"embeddable":true,"href":"https:\/\/www.europesays.com\/fr\/wp-json\/wp\/v2\/users\/2"}],"replies":[{"embeddable":true,"href":"https:\/\/www.europesays.com\/fr\/wp-json\/wp\/v2\/comments?post=266937"}],"version-history":[{"count":0,"href":"https:\/\/www.europesays.com\/fr\/wp-json\/wp\/v2\/posts\/266937\/revisions"}],"wp:featuredmedia":[{"embeddable":true,"href":"https:\/\/www.europesays.com\/fr\/wp-json\/wp\/v2\/media\/266938"}],"wp:attachment":[{"href":"https:\/\/www.europesays.com\/fr\/wp-json\/wp\/v2\/media?parent=266937"}],"wp:term":[{"taxonomy":"category","embeddable":true,"href":"https:\/\/www.europesays.com\/fr\/wp-json\/wp\/v2\/categories?post=266937"},{"taxonomy":"post_tag","embeddable":true,"href":"https:\/\/www.europesays.com\/fr\/wp-json\/wp\/v2\/tags?post=266937"}],"curies":[{"name":"wp","href":"https:\/\/api.w.org\/{rel}","templated":true}]}}