{"id":266939,"date":"2025-07-23T01:48:16","date_gmt":"2025-07-23T01:48:16","guid":{"rendered":"https:\/\/www.europesays.com\/fr\/266939\/"},"modified":"2025-07-23T01:48:16","modified_gmt":"2025-07-23T01:48:16","slug":"monfils-lamine-des-le-1er-tour-a-washington","status":"publish","type":"post","link":"https:\/\/www.europesays.com\/fr\/266939\/","title":{"rendered":"Monfils lamin\u00e9 d\u00e8s le 1er tour \u00e0 Washington"},"content":{"rendered":"<p>Le Fran\u00e7ais de 38 ans a \u00e9t\u00e9 balay\u00e9 par un joueur issu des qualifications ce mardi lors du tournoi de Washington.<\/p>\n<p class=\"fig-paragraph\">Un premier tour cauchemardesque.\u00a0<a href=\"http:\/\/www.lefigaro.fr\/sports\/tennis\/tennis-mpetshi-perricard-surpris-par-vukic-en-simple-a-washington-la-paire-kyrgios-monfils-egalement-battue-20250722\" data-fig-type=\"NewsFlash\" data-gtm-custom-categorie=\"navigation\" data-gtm-custom-action=\"crossclick\" data-gtm-custom-label=\"Contextuel\" data-gtm-event=\"customEventSPE\" data-fig-domain=\"LEFIGARO\" rel=\"nofollow noopener\" target=\"_blank\">Le Fran\u00e7ais Ga\u00ebl Monfils<\/a>, 48e joueur mondial, a \u00e9t\u00e9 \u00e9limin\u00e9 d\u00e8s son entr\u00e9e en lice en simple au tournoi ATP 500 de Washington, s&rsquo;inclinant lourdement 6-3 6-1 mardi face au Chinois Wu Yibing (243e).<\/p>\n<p class=\"fig-paragraph\">Au lendemain de sa d\u00e9faite en double o\u00f9 il \u00e9tait associ\u00e9 \u00e0 Nick Kyrgios, le v\u00e9t\u00e9ran fran\u00e7ais de 38 ans avait \u00e0 coeur de se racheter de ce non-match (l&rsquo;Australien et lui ont \u00e9t\u00e9 balay\u00e9s par le duo Hugo Nys &#8211; Edouard Roger-Vasselin 6-2, 6-2 en 59 minutes).<\/p>\n<p>                                    <a class=\"fig-a11y-skip a11y-hidden\" href=\"#fig-a11y-skip-main-inarticle\"><br \/>\n        Passer la publicit\u00e9<br \/>\n    <\/a><\/p>\n<p>Une d\u00e9faite face \u00e0 un joueur issu des qualifications<\/p>\n<p class=\"fig-paragraph\">Malgr\u00e9 une bonne entame du match sur le petit court John Harris, Monfils n&rsquo;a jamais r\u00e9ussi \u00e0 d\u00e9border son adversaire, issu des qualifications. Il a jou\u00e9 aussi de malchance quand il a percut\u00e9 le panneau de l&rsquo;horloge, restant quelques minutes \u00e9tendu sur le court, semblant souffrir du pied.<\/p>\n<p class=\"fig-paragraph\">Apr\u00e8s une interruption d&rsquo;une grosse quinzaine de minute, il a repris le jeu, mais la dynamique avait clairement chang\u00e9 de camp, puisque son adversaire de 25 ans &#8211; ancien 54e mondial et premier Chinois \u00e0 avoir remport\u00e9 un tournoi sur le circuit ATP \u00e0 Dallas, en 2023 &#8211; a d\u00e8s lors pris le contr\u00f4le du match. Sur sa lanc\u00e9e, Wu a pris deux fois le service du Fran\u00e7ais pour empocher la premi\u00e8re manche. Monfils, qui disputait le tournoi de Washington pour la sixi\u00e8me fois, avec un titre glan\u00e9 en 2016, s&rsquo;est ensuite effondr\u00e9 laissant Wu conclure la partie en 1h18.<\/p>\n<p>Moutet battu en qualification mais rep\u00each\u00e9<\/p>\n<p class=\"fig-paragraph\">Dans la soir\u00e9e, son compatriote Quentin Halys (71e) sera oppos\u00e9 au premier tour \u00e0 l&rsquo;Am\u00e9ricain Aleksandar Kovacevic (66e). En session nocturne, Alexandre M\u00fcller (39e) disputera lui son deuxi\u00e8me tour face \u00e0 un autre Fran\u00e7ais, Corentin Moutet (59e), battu en qualification mais rep\u00each\u00e9 pour pallier le forfait du Danois Holger Rune, qui \u00e9tait t\u00eate de s\u00e9rie mais a pr\u00e9f\u00e9r\u00e9 renoncer en raison d&rsquo;une blessure au dos.<\/p>\n","protected":false},"excerpt":{"rendered":"Le Fran\u00e7ais de 38 ans a \u00e9t\u00e9 balay\u00e9 par un joueur issu des qualifications ce mardi lors du&hellip;\n","protected":false},"author":2,"featured_media":266940,"comment_status":"","ping_status":"","sticky":false,"template":"","format":"standard","meta":{"footnotes":""},"categories":[1415],"tags":[1011,27,5385,60,1467],"class_list":{"0":"post-266939","1":"post","2":"type-post","3":"status-publish","4":"format-standard","5":"has-post-thumbnail","7":"category-tennis","8":"tag-fr","9":"tag-france","10":"tag-gael-monfils","11":"tag-sports","12":"tag-tennis"},"share_on_mastodon":{"url":"https:\/\/pubeurope.com\/@fr\/114900035356582657","error":""},"_links":{"self":[{"href":"https:\/\/www.europesays.com\/fr\/wp-json\/wp\/v2\/posts\/266939","targetHints":{"allow":["GET"]}}],"collection":[{"href":"https:\/\/www.europesays.com\/fr\/wp-json\/wp\/v2\/posts"}],"about":[{"href":"https:\/\/www.europesays.com\/fr\/wp-json\/wp\/v2\/types\/post"}],"author":[{"embeddable":true,"href":"https:\/\/www.europesays.com\/fr\/wp-json\/wp\/v2\/users\/2"}],"replies":[{"embeddable":true,"href":"https:\/\/www.europesays.com\/fr\/wp-json\/wp\/v2\/comments?post=266939"}],"version-history":[{"count":0,"href":"https:\/\/www.europesays.com\/fr\/wp-json\/wp\/v2\/posts\/266939\/revisions"}],"wp:featuredmedia":[{"embeddable":true,"href":"https:\/\/www.europesays.com\/fr\/wp-json\/wp\/v2\/media\/266940"}],"wp:attachment":[{"href":"https:\/\/www.europesays.com\/fr\/wp-json\/wp\/v2\/media?parent=266939"}],"wp:term":[{"taxonomy":"category","embeddable":true,"href":"https:\/\/www.europesays.com\/fr\/wp-json\/wp\/v2\/categories?post=266939"},{"taxonomy":"post_tag","embeddable":true,"href":"https:\/\/www.europesays.com\/fr\/wp-json\/wp\/v2\/tags?post=266939"}],"curies":[{"name":"wp","href":"https:\/\/api.w.org\/{rel}","templated":true}]}}