{"id":26694,"date":"2025-04-15T14:09:10","date_gmt":"2025-04-15T14:09:10","guid":{"rendered":"https:\/\/www.europesays.com\/fr\/26694\/"},"modified":"2025-04-15T14:09:10","modified_gmt":"2025-04-15T14:09:10","slug":"32e-forum-jobs-dete-du-cidj-region-ile-de-france-saint-ouen-sur-seine-93400","status":"publish","type":"post","link":"https:\/\/www.europesays.com\/fr\/26694\/","title":{"rendered":"32e Forum Jobs d\u2019\u00e9t\u00e9 du CIDJ &#8211; R\u00e9gion \u00cele-de-France &#8211; Saint-Ouen-sur-Seine , 93400"},"content":{"rendered":"<p>Mardi 15 avril 2025, de 10h \u00e0 17h, une trentaine d\u2019entreprises proposeront des milliers de postes pour les jeunes au Forum Jobs d\u2019\u00e9t\u00e9 2025 du CIDJ et du r\u00e9seau Info Jeunes Ile-de-France, \u00e0 la R\u00e9gion \u00cele-de-France, 8 bd Victor-Hugo \u00e0 Saint-Ouen. L\u2019entr\u00e9e est gratuite sur inscription sur la page de l\u2019\u00e9v\u00e9nement du site national www.jobs-ete.com<br \/>\nDe mars \u00e0 juin, le site jobs-ete.com propose des conseils, la liste des entreprises, les offres, des guides et l\u2019agenda des dizaines de Forums Jobs d\u2019\u00e9t\u00e9 du r\u00e9seau Info Jeunes dans toute la France.<\/p>\n<p>Des rencontres avec des recruteurs de tous les secteurs<br \/>\nCet \u00e9v\u00e9nement offre une multitude d&rsquo;opportunit\u00e9s d&#8217;emploi pour les jeunes, en particulier dans le domaine de l\u2019accueil, de l\u2019h\u00f4tellerie-restauration, l\u2019\u00e9v\u00e9nementiel, la vente, le tourisme, la distribution, l\u2019animation, l\u2019agriculture, les services \u00e0 la personne&#8230; Les postes sont essentiellement en Ile-de-France, pour la p\u00e9riode d\u2019\u00e9t\u00e9, de juin \u00e0 septembre, accessibles donc pour certains aux \u00e9tudiants d\u00e8s la fin des examens.  <\/p>\n<p>Coaching et offres en France et \u00e0 l\u2019international<br \/>\nUn espace coaching et un espace studio photo professionnelle seront \u00e0 la disposition des jeunes. Le guide Trouver un job en Ile-de-France r\u00e9sume la l\u00e9gislation et les conseils pour r\u00e9diger son CV, sa lettre de motivation, r\u00e9ussir ses entretiens, choisir parmi les secteurs qui recrutent o\u00f9 trouver un job insolite.<br \/>\nLes conseill\u00e8res CIDJ-Eurodesk guideront ceux qui recherchent un job \u00e0 l\u2019\u00e9tranger : pays porteurs, type d\u2019offres, offres en ligne, comp\u00e9tences requises.  Et elles offriront le guide m\u00e9thodologique Trouver un job \u00e0 l\u2019\u00e9tranger : comment cibler un poste, secteurs, check-list&#8230; Nouveaut\u00e9 cette ann\u00e9e, un accompagnement sur place dans la r\u00e9daction du CV en anglais.<br \/>\nDes conseillers de France Travail seront \u00e9galement pr\u00e9sents avec des offres de jobs. <\/p>\n<p>jobs-ete.com : le site national de l\u2019op\u00e9ration Jobs d\u2019\u00e9t\u00e9 du r\u00e9seau Info Jeunes<br \/>\nPour d\u00e9crocher un job, il faut anticiper et bien pr\u00e9parer sa candidature. Les infos cl\u00e9s sont \u00e0 retrouver sur www.jobs-ete.com dans des vid\u00e9os et des guides par r\u00e9gion.<br \/>\nUn agenda r\u00e9f\u00e9rence les Forums Jobs d\u2019\u00e9t\u00e9 et autres rendez-vous locaux des Structures Info Jeunes en \u00cele-de-France et dans toutes les r\u00e9gions. <\/p>\n<p>Pratique :<br \/>\nForum Jobs d\u2019\u00e9t\u00e9<br \/>\nMardi 15 avril 2025 de 10h \u00e0 17h<br \/>\nA la R\u00e9gion \u00cele-de-France<br \/>\n8 boulevard Victor Hugo 93400 Saint-Ouen<br \/>\nM\u00e9tro : lignes 13 et 14 Mairie de Saint-Ouen \/ RER C Saint-Ouen \/ Bus 85-173-274 Mairie de Saint-Ouen<\/p>\n<p>Signaler une erreur, une mise \u00e0 jour, un abus<\/p>\n","protected":false},"excerpt":{"rendered":"Mardi 15 avril 2025, de 10h \u00e0 17h, une trentaine d\u2019entreprises proposeront des milliers de postes pour les&hellip;\n","protected":false},"author":2,"featured_media":26695,"comment_status":"","ping_status":"","sticky":false,"template":"","format":"standard","meta":{"footnotes":""},"categories":[1592],"tags":[1111,11,1777,674,1011,27,662,12,626,25],"class_list":{"0":"post-26694","1":"post","2":"type-post","3":"status-publish","4":"format-standard","5":"has-post-thumbnail","7":"category-ile-de-france","8":"tag-actu","9":"tag-actualites","10":"tag-eu","11":"tag-europe","12":"tag-fr","13":"tag-france","14":"tag-ile-de-france","15":"tag-news","16":"tag-paris","17":"tag-republique-francaise"},"share_on_mastodon":{"url":"https:\/\/pubeurope.com\/@fr\/114342380761973860","error":""},"_links":{"self":[{"href":"https:\/\/www.europesays.com\/fr\/wp-json\/wp\/v2\/posts\/26694","targetHints":{"allow":["GET"]}}],"collection":[{"href":"https:\/\/www.europesays.com\/fr\/wp-json\/wp\/v2\/posts"}],"about":[{"href":"https:\/\/www.europesays.com\/fr\/wp-json\/wp\/v2\/types\/post"}],"author":[{"embeddable":true,"href":"https:\/\/www.europesays.com\/fr\/wp-json\/wp\/v2\/users\/2"}],"replies":[{"embeddable":true,"href":"https:\/\/www.europesays.com\/fr\/wp-json\/wp\/v2\/comments?post=26694"}],"version-history":[{"count":0,"href":"https:\/\/www.europesays.com\/fr\/wp-json\/wp\/v2\/posts\/26694\/revisions"}],"wp:featuredmedia":[{"embeddable":true,"href":"https:\/\/www.europesays.com\/fr\/wp-json\/wp\/v2\/media\/26695"}],"wp:attachment":[{"href":"https:\/\/www.europesays.com\/fr\/wp-json\/wp\/v2\/media?parent=26694"}],"wp:term":[{"taxonomy":"category","embeddable":true,"href":"https:\/\/www.europesays.com\/fr\/wp-json\/wp\/v2\/categories?post=26694"},{"taxonomy":"post_tag","embeddable":true,"href":"https:\/\/www.europesays.com\/fr\/wp-json\/wp\/v2\/tags?post=26694"}],"curies":[{"name":"wp","href":"https:\/\/api.w.org\/{rel}","templated":true}]}}