{"id":266941,"date":"2025-07-23T01:50:11","date_gmt":"2025-07-23T01:50:11","guid":{"rendered":"https:\/\/www.europesays.com\/fr\/266941\/"},"modified":"2025-07-23T01:50:11","modified_gmt":"2025-07-23T01:50:11","slug":"les-constructeurs-veulent-obtenir-plus-de-la-dorna-et-prennent-une-grosse-decision","status":"publish","type":"post","link":"https:\/\/www.europesays.com\/fr\/266941\/","title":{"rendered":"les constructeurs veulent obtenir plus de la Dorna et prennent une grosse d\u00e9cision"},"content":{"rendered":"<p>Les constructeurs en MotoGP veulent une plus grosse part du g\u00e2teau et ils ont donc d\u00e9cid\u00e9 de s&rsquo;unir pour cela. Il se trouve que les constructeurs ont d\u00e9cid\u00e9 de faire front commun pour obtenir une plus grande part des revenus g\u00e9n\u00e9r\u00e9s par le championnat. Ces derniers veulent s&rsquo;inspirer des Accords Concorde existants en Formule 1. D&rsquo;apr\u00e8s <a href=\"https:\/\/fr.motorsport.com\/motogp\/news\/constructeurs-union-plus-revenus-dorna\/10744115\/\" rel=\"nofollow noopener\" target=\"_blank\">Motorsport.com<\/a>, les constructeurs se sont r\u00e9unis le week-end dernier sur le circuit de Brno, dans le but de sceller une union face aux discussions commerciales avec la Dorna, en charge de ces questions en MotoGP. Ils ont sign\u00e9 un protocole d&rsquo;accord et c&rsquo;est Lin Jarvis, ancien patron de Yamaha en comp\u00e9tition et qui est toujours actif dans un r\u00f4le de consultant, qui a \u00e9t\u00e9 choisi pour les repr\u00e9senter devant la Dorna.<\/p>\n<p>Les constructeurs veulent obtenir plus de sous<\/p>\n<p>Le but est que les constructeurs veulent revoir la distribution des revenus g\u00e9n\u00e9r\u00e9s par le championnat. Cette d\u00e9marche est n\u00e9e chez les constructeurs mais il s&rsquo;av\u00e8re que les \u00e9quipes satellites, inform\u00e9es de l&rsquo;initiative, y ont apport\u00e9 leur soutien. Et toujours d&rsquo;apr\u00e8s Motorsport, la Dorna n&rsquo;a que peu go\u00fbt\u00e9 \u00e0 cette initiative au d\u00e9but, mais des n\u00e9gociations devraient d\u00e9buter lors du Grand Prix d&rsquo;Autriche \u00e0 la mi-ao\u00fbt, dans le but de trouver un compromis.<\/p>\n<p>Il se trouve que beaucoup d&rsquo;\u00e9quipes estiment que les sommes re\u00e7ues n&rsquo;ont pas de corr\u00e9lation suffisamment forte avec les revenus per\u00e7us par championnat, notamment \u00e0 travers les accords avec les circuits, les cha\u00eenes de t\u00e9l\u00e9vision qui diffusent la cat\u00e9gorie ou encore les sponsors visibles en bord de piste. Les \u00e9quipes veulent s&rsquo;inspirer de la F1 et des accords \u00e9tablis afin de pouvoir ren\u00e9gocier au mieux les sommes distribu\u00e9es dans le futur. Il faudra maintenant attendre d&rsquo;en savoir plus concernant un possible accord entre les constructeurs et la Dorna.<\/p>\n<p>    Partagez cette info avec vos amis et vos proches en cliquant ici  <\/p>\n<p> Podcasts \u00e0 la une MEN LIFE <\/p>\n<p>    Pour r\u00e9sumer<\/p>\n<p>Les constructeurs en MotoGP veulent une plus grosse part du g\u00e2teau et ils ont donc d\u00e9cid\u00e9 de s&rsquo;unir pour cela. Il se trouve que les constructeurs ont d\u00e9cid\u00e9 de faire front commun pour obtenir une plus grande part des revenus g\u00e9n\u00e9r\u00e9s par le championnat.<\/p>\n<p>R\u00e9dacteur<\/p>\n<p><img decoding=\"async\" width=\"76\" height=\"76\" loading=\"lazy\" src=\"https:\/\/www.europesays.com\/fr\/wp-content\/uploads\/2025\/04\/logo-victor-willems.jpg\" alt=\"Victor Willems\"\/><\/p>\n","protected":false},"excerpt":{"rendered":"Les constructeurs en MotoGP veulent une plus grosse part du g\u00e2teau et ils ont donc d\u00e9cid\u00e9 de s&rsquo;unir&hellip;\n","protected":false},"author":2,"featured_media":266942,"comment_status":"","ping_status":"","sticky":false,"template":"","format":"standard","meta":{"footnotes":""},"categories":[1413],"tags":[1011,27,1457,1456,60],"class_list":{"0":"post-266941","1":"post","2":"type-post","3":"status-publish","4":"format-standard","5":"has-post-thumbnail","7":"category-moto","8":"tag-fr","9":"tag-france","10":"tag-moto","11":"tag-motocycle","12":"tag-sports"},"share_on_mastodon":{"url":"https:\/\/pubeurope.com\/@fr\/114900043289148810","error":""},"_links":{"self":[{"href":"https:\/\/www.europesays.com\/fr\/wp-json\/wp\/v2\/posts\/266941","targetHints":{"allow":["GET"]}}],"collection":[{"href":"https:\/\/www.europesays.com\/fr\/wp-json\/wp\/v2\/posts"}],"about":[{"href":"https:\/\/www.europesays.com\/fr\/wp-json\/wp\/v2\/types\/post"}],"author":[{"embeddable":true,"href":"https:\/\/www.europesays.com\/fr\/wp-json\/wp\/v2\/users\/2"}],"replies":[{"embeddable":true,"href":"https:\/\/www.europesays.com\/fr\/wp-json\/wp\/v2\/comments?post=266941"}],"version-history":[{"count":0,"href":"https:\/\/www.europesays.com\/fr\/wp-json\/wp\/v2\/posts\/266941\/revisions"}],"wp:featuredmedia":[{"embeddable":true,"href":"https:\/\/www.europesays.com\/fr\/wp-json\/wp\/v2\/media\/266942"}],"wp:attachment":[{"href":"https:\/\/www.europesays.com\/fr\/wp-json\/wp\/v2\/media?parent=266941"}],"wp:term":[{"taxonomy":"category","embeddable":true,"href":"https:\/\/www.europesays.com\/fr\/wp-json\/wp\/v2\/categories?post=266941"},{"taxonomy":"post_tag","embeddable":true,"href":"https:\/\/www.europesays.com\/fr\/wp-json\/wp\/v2\/tags?post=266941"}],"curies":[{"name":"wp","href":"https:\/\/api.w.org\/{rel}","templated":true}]}}