{"id":266947,"date":"2025-07-23T01:54:13","date_gmt":"2025-07-23T01:54:13","guid":{"rendered":"https:\/\/www.europesays.com\/fr\/266947\/"},"modified":"2025-07-23T01:54:13","modified_gmt":"2025-07-23T01:54:13","slug":"tony-parker-en-vacances-sur-le-bassin-darcachon-avec-ses-deux-fils-de-8-et-11-ans","status":"publish","type":"post","link":"https:\/\/www.europesays.com\/fr\/266947\/","title":{"rendered":"Tony Parker en vacances sur le Bassin d\u2019Arcachon avec ses deux fils de 8 et 11 ans"},"content":{"rendered":"<p>    Tony Parker \u00e0 Roland-Garros. (Paris, le 11 juin 2023.)<br \/>\n                Stephane Cardinale &#8211; Corbis \/ Corbis via Getty Images<\/p>\n<p>Le basketteur fran\u00e7ais a partag\u00e9 ce 20 juillet une s\u00e9rie de photos de ses vacances, notamment \u00e0 la Dune du Pilat, avec ses deux fils et quelques amis sur son compte Instagram.<\/p>\n<p class=\"fig-paragraph\"><a href=\"https:\/\/madame.lefigaro.fr\/tag\/tony-parker\" target=\"_blank\" rel=\"sponsored noopener\" data-gtm-custom-categorie=\"navigation\" data-gtm-custom-action=\"crossclick\" data-gtm-custom-label=\"Contextuel\" data-gtm-event=\"customEventSPE\">Tony Parker<\/a>\u00a0savoure pleinement son \u00e9t\u00e9 en p\u00e8re c\u00e9libataire. L\u2019ex-star des San Antonio Spurs, retrait\u00e9e des parquets depuis 2019, s\u2019est offert une parenth\u00e8se ensoleill\u00e9e sur le bassin d\u2019Arcachon en compagnie de ses deux fils, Josh (11 ans) et Liam (8 ans). Direction la Dune du Pilat pour quelques jours entre baignades, balades en bateau et exploration de grottes. Des moments que l\u2019ancien meneur de l\u2019\u00e9quipe de France a partag\u00e9s, dimanche 20 juillet sur Instagram. \u00abLa vie derni\u00e8rement\u00bb, a-t-il comment\u00e9 sous le carrousel de photos. N\u00e9anmoins toujours adepte de d\u00e9passement de soi, Tony Parker \u00e0 \u00e9galement profit\u00e9 du soleil pour gravir le Mont Ventoux \u00e0 v\u00e9lo, ce lundi 22 juillet, dans le cadre d\u2019une \u00e9tape amateur du Tour de France. Une ascension de 22 kilom\u00e8tres qu\u2019il a aussi partag\u00e9e en<a href=\"https:\/\/www.instagram.com\/_tonyparker09\/\" target=\"_blank\" rel=\"sponsored noopener\" data-gtm-custom-categorie=\"navigation\" data-gtm-custom-action=\"crossclick\" data-gtm-custom-label=\"Contextuel\" data-gtm-event=\"customEventSPE\">\u00a0story sur ses r\u00e9seaux sociaux<\/a>.<\/p>\n<p>Tony Parker et Axelle Francine<\/p>\n<p class=\"fig-paragraph\">Le basketteur, star incontest\u00e9e de la NBA, a eu ses deux fils avec la journaliste Axelle Francine, rencontr\u00e9e en 2011 peu apr\u00e8s sa s\u00e9paration d\u2019avec l\u2019actrice Eva Longoria (2007-2010). Leur relation s\u2019est rapidement concr\u00e9tis\u00e9e\u00a0: fianc\u00e9s en 2013, ils se sont mari\u00e9s en ao\u00fbt 2014 \u00e0 San Antonio, au Texas, quelques mois seulement apr\u00e8s la naissance de leur premier fils, Josh Parker.<\/p>\n<p>                                    <a class=\"fig-a11y-skip a11y-hidden\" href=\"#fig-a11y-skip-main-inarticle\"><br \/>\n        Passer la publicit\u00e9<br \/>\n    <\/a><\/p>\n<p class=\"fig-paragraph\">Malgr\u00e9 leur volont\u00e9 commune de pr\u00e9server leur vie priv\u00e9e, Axelle Francine a parfois \u00e9voqu\u00e9 les d\u00e9fis li\u00e9s \u00e0 sa position, notamment en tant que compagne d\u2019un homme auparavant mari\u00e9 \u00e0 une c\u00e9l\u00e9brit\u00e9 hollywoodienne. \u00abIl \u00e9tait avec une star de Hollywood avant, donc passer apr\u00e8s, ce n\u2019est jamais facile. M\u00eame si je ne me suis pas compar\u00e9e \u00e0 elle, c\u2019est ce qui s\u2019est fait dans le public, \u00e0 l\u2019insu de mon plein gr\u00e9. On te compare forc\u00e9ment \u00e0 la personne qui \u00e9tait l\u00e0 avant\u00bb, confiait-elle en 2019 dans le documentaire Tony Parker confidentiel qui revient sur la carri\u00e8re professionnelle du sportif. Apr\u00e8s pr\u00e8s de neuf ans ensemble, le basketteur annonce leur s\u00e9paration sur Twitter, le 3 ao\u00fbt 2020, pr\u00e9cisant que cette d\u00e9cision visait avant tout \u00e0 pr\u00e9server le bien-\u00eatre de leurs enfants et \u00e0 \u00e9viter les sp\u00e9culations m\u00e9diatiques.<\/p>\n<p>                                        <script async src=\"\/\/www.instagram.com\/embed.js\"><\/script><\/p>\n","protected":false},"excerpt":{"rendered":"Tony Parker \u00e0 Roland-Garros. (Paris, le 11 juin 2023.) Stephane Cardinale &#8211; Corbis \/ Corbis via Getty Images&hellip;\n","protected":false},"author":2,"featured_media":266948,"comment_status":"","ping_status":"","sticky":false,"template":"","format":"standard","meta":{"footnotes":""},"categories":[1359],"tags":[1791,58,59,1011,27,973,19370,2453],"class_list":{"0":"post-266947","1":"post","2":"type-post","3":"status-publish","4":"format-standard","5":"has-post-thumbnail","7":"category-people","8":"tag-basket-ball","9":"tag-divertissement","10":"tag-entertainment","11":"tag-fr","12":"tag-france","13":"tag-people","14":"tag-tony-parker","15":"tag-vacances-dete"},"share_on_mastodon":{"url":"https:\/\/pubeurope.com\/@fr\/114900058918051250","error":""},"_links":{"self":[{"href":"https:\/\/www.europesays.com\/fr\/wp-json\/wp\/v2\/posts\/266947","targetHints":{"allow":["GET"]}}],"collection":[{"href":"https:\/\/www.europesays.com\/fr\/wp-json\/wp\/v2\/posts"}],"about":[{"href":"https:\/\/www.europesays.com\/fr\/wp-json\/wp\/v2\/types\/post"}],"author":[{"embeddable":true,"href":"https:\/\/www.europesays.com\/fr\/wp-json\/wp\/v2\/users\/2"}],"replies":[{"embeddable":true,"href":"https:\/\/www.europesays.com\/fr\/wp-json\/wp\/v2\/comments?post=266947"}],"version-history":[{"count":0,"href":"https:\/\/www.europesays.com\/fr\/wp-json\/wp\/v2\/posts\/266947\/revisions"}],"wp:featuredmedia":[{"embeddable":true,"href":"https:\/\/www.europesays.com\/fr\/wp-json\/wp\/v2\/media\/266948"}],"wp:attachment":[{"href":"https:\/\/www.europesays.com\/fr\/wp-json\/wp\/v2\/media?parent=266947"}],"wp:term":[{"taxonomy":"category","embeddable":true,"href":"https:\/\/www.europesays.com\/fr\/wp-json\/wp\/v2\/categories?post=266947"},{"taxonomy":"post_tag","embeddable":true,"href":"https:\/\/www.europesays.com\/fr\/wp-json\/wp\/v2\/tags?post=266947"}],"curies":[{"name":"wp","href":"https:\/\/api.w.org\/{rel}","templated":true}]}}