{"id":266949,"date":"2025-07-23T01:56:14","date_gmt":"2025-07-23T01:56:14","guid":{"rendered":"https:\/\/www.europesays.com\/fr\/266949\/"},"modified":"2025-07-23T01:56:14","modified_gmt":"2025-07-23T01:56:14","slug":"frontignan-du-comminges-julien-argyriades-et-lyne-debrunis-au-salon-du-livre","status":"publish","type":"post","link":"https:\/\/www.europesays.com\/fr\/266949\/","title":{"rendered":"Frontignan du Comminges : Julien Argyriades et Lyne Debrunis au Salon du livre"},"content":{"rendered":"<p><strong>L\u2019Association Culturelle de Frontignan de Comminges et la mairie pr\u00e9parent le 1er Salon du Livre du village, programm\u00e9 ce dimanche 27 juillet 2025. Vingt auteurs vivant en Comminges et en Barousse sont annonc\u00e9s. Parmi eux et parmi elles, Julien Argyriades, demeurant \u00e0 Ponlat-Taillebourg et Lyne Debrunis demeurant \u00e0 Lavelanet de Comminges.<\/strong><\/p>\n<p><strong>Julien Argyriades<\/strong> a \u00e9crit un premier livre, \u00abPyr\u00e9n\u00e9es intimes\u00bb, sorti en novembre 2024, \u00abn\u00e9 de mon envie de partager ma passion pour l\u2019ours et pour sa recherche dit-il. Je voulais faire un ouvrage centr\u00e9 sur l\u2019animal, avec la volont\u00e9 de m\u2019\u00e9loigner des \u00e9ternels d\u00e9bats pros ou antis.<\/p>\n<p>Pratiquant l\u2019art du pistage et de l\u2019aff\u00fbt dans le but d\u2019immortaliser un regard, un comportement ou encore une \u00e9motion, j\u2019ai souhait\u00e9 faire un livre \u00ab\u00a0immersif\u00a0\u00bb, dans lequel le lecteur m\u2019accompagne dans mes p\u00e9r\u00e9grinations \u00e0 la recherche de l\u2019ours.<\/p>\n<p>Avec mes photos et de mes r\u00e9cits de terrain, des vieilles for\u00eats au plus hautes estives, en passant par les falaises et les torrents, je tente de d\u00e9voiler les secrets de la vie sauvage pyr\u00e9n\u00e9enne et de ses ambiances. Le lecteur peut y d\u00e9couvrir l\u2019authentique territoire de l\u2019ours\u00bb.<\/p>\n<p><strong>Lyne Debrunis <\/strong>(Charlyne d\u2019Arcimoles pour l\u2019\u00e9tat civil) confie un grand int\u00e9r\u00eat pour l\u2019humanit\u00e9 qui rec\u00e8le selon elle beaucoup d\u2019humbles et anonymes h\u00e9ros de notre \u00e9poque.<\/p>\n<p>\u00abJ\u2019ai appris \u00e0 construire des histoires d\u00e8s l\u2019enfance. L\u2019\u00e9criture est plus qu\u2019un loisir, c\u2019est un mode de vie dans la mesure o\u00f9 tout ce qui m\u2019interpelle est stock\u00e9 dans un coin de ma m\u00e9moire, attendant l\u2019heure d\u2019\u00eatre utilis\u00e9 dans un texte. Je trouve l\u2019inspiration dans mon environnement, j\u2019ai tendance \u00e0 dire que toutes les pierres dont mon chemin est jonch\u00e9 ont une histoire \u00e0 raconter\u00bb.<\/p>\n<p>Elle a ainsi \u00e9crit 30 romans \u00e0 d\u00e9couvrir.<\/p>\n<p><strong>Rendez-vous dimanche 27 juillet 2025 \u00e0 Frontignan de Comminges pour en savoir plus sur Julien Argyriades, Lyne Debrunis\u00a0et les 18 autres auteurs!<\/strong><\/p>\n<p style=\"text-align: center;\">*** *** ***<\/p>\n<p><strong>Le programme<\/strong><\/p>\n<p><strong>Vingt auteurs locaux, commingeois et baroussais, qui d\u00e9dicaceront leurs ouvrages, et aussi \u00a0deux tables rondes, ainsi qu\u2019une conf\u00e9rence d\u2019Isaure Gratacos et un hommage de Christian Louis \u00e0 Yves Heurt\u00e9 garantissent la densit\u00e9 et la qualit\u00e9 de ce premier salon du livre frontignanais.<\/strong><\/p>\n<p><strong>9h00:<\/strong> ouverture du salon au public.<\/p>\n<p><strong>10h30:<\/strong> <strong>table ronde<\/strong> \u00abLe livre, de l\u2019auteur au lecteur\u00bb, anim\u00e9e par B\u00e9atrice Bordonada (La D\u00e9p\u00eache du Midi), avec Ghislain L\u00e9on (\u00c9ditions du Sentin), Didier Bonad\u00e9 (libraire), Alain Johan (auteur) et Adrien Bourdil (auteur).<\/p>\n<p><strong>11h30:<\/strong> <strong>table ronde<\/strong> \u00abRepr\u00e9sentations du Comminges et de la Barousse \u00bb, anim\u00e9e par Janine Soumet, avec Gr\u00e9gory Chanfreau, Jean-Paul Ferr\u00e9 et Laurette Grossmann (auteurs).<\/p>\n<p>12h00: inauguration du salon, ap\u00e9ritif.<\/p>\n<p>12h30: pause repas, possibilit\u00e9 de restauration sur place.<\/p>\n<p><strong>14h00: conf\u00e9rence<\/strong> \u00abTraditions de nos vall\u00e9es\u00bb, avec Isaure Gratacos, ethnologue, professeur d\u2019histoire et docteur en lettres.<\/p>\n<p><strong>16h30: hommage \u00e0 Yves Heurt\u00e9<\/strong> (auteur de romans pour la jeunesse, dramaturge et po\u00e8te fran\u00e7ais n\u00e9 \u00e0 Cierp-Gaud) par Christian Louis (auteur de nombreux ouvrages sur l\u2019art, d\u2019albums et de romans).<\/p>\n<p>18h00: tirage de la tombola gratuite.<\/p>\n<p>19h00: cl\u00f4ture du salon, vin d\u2019honneur.<\/p>\n<p><strong>Les auteurs pr\u00e9sents:<\/strong> J\u00e9r\u00f4me Alberti, Julien Argyriades, G\u00e9rard Beisser, D\u00e9borah Blanc, Adrien Bourdil, Gr\u00e9gory Chanfreau, Marcel Darnaud, Lyne Debrunis, Jean-Paul Ferr\u00e9, Rolland Fillod, Laurette Grossmann, Alain Johan, Nadine Lamaison, Christophe Maruffy, Isis Nespoulos, Ren\u00e9 Savelli, Marine Savelli, Lilian Sineux, Tristan Turlan, Ren\u00e9 Vignaux.<\/p>\n<p><img fetchpriority=\"high\" decoding=\"async\" class=\"size-full wp-image-234711\" src=\"https:\/\/www.europesays.com\/fr\/wp-content\/uploads\/2025\/07\/Au-boulot-photo1-.jpg\" alt=\"\" width=\"279\" height=\"332\"  \/>Lyne Debrunis: \u00abtoutes les pierres, dont mon chemin est jonch\u00e9, ont une histoire \u00e0 raconter\u00bb.<\/p>\n<p style=\"text-align: center;\"><strong>Premier Salon du livre de Frontignan de Comminges, dimanche 27 juillet 2025, 9h00-20h00.<\/strong><\/p>\n","protected":false},"excerpt":{"rendered":"L\u2019Association Culturelle de Frontignan de Comminges et la mairie pr\u00e9parent le 1er Salon du Livre du village, programm\u00e9&hellip;\n","protected":false},"author":2,"featured_media":266950,"comment_status":"","ping_status":"","sticky":false,"template":"","format":"standard","meta":{"footnotes":""},"categories":[1357],"tags":[1379,58,59,1011,27,1380,40651],"class_list":{"0":"post-266949","1":"post","2":"type-post","3":"status-publish","4":"format-standard","5":"has-post-thumbnail","7":"category-livres","8":"tag-books","9":"tag-divertissement","10":"tag-entertainment","11":"tag-fr","12":"tag-france","13":"tag-livres","14":"tag-salon-du-livre-de-frontignan-de-comminges"},"share_on_mastodon":{"url":"https:\/\/pubeurope.com\/@fr\/114900066958868987","error":""},"_links":{"self":[{"href":"https:\/\/www.europesays.com\/fr\/wp-json\/wp\/v2\/posts\/266949","targetHints":{"allow":["GET"]}}],"collection":[{"href":"https:\/\/www.europesays.com\/fr\/wp-json\/wp\/v2\/posts"}],"about":[{"href":"https:\/\/www.europesays.com\/fr\/wp-json\/wp\/v2\/types\/post"}],"author":[{"embeddable":true,"href":"https:\/\/www.europesays.com\/fr\/wp-json\/wp\/v2\/users\/2"}],"replies":[{"embeddable":true,"href":"https:\/\/www.europesays.com\/fr\/wp-json\/wp\/v2\/comments?post=266949"}],"version-history":[{"count":0,"href":"https:\/\/www.europesays.com\/fr\/wp-json\/wp\/v2\/posts\/266949\/revisions"}],"wp:featuredmedia":[{"embeddable":true,"href":"https:\/\/www.europesays.com\/fr\/wp-json\/wp\/v2\/media\/266950"}],"wp:attachment":[{"href":"https:\/\/www.europesays.com\/fr\/wp-json\/wp\/v2\/media?parent=266949"}],"wp:term":[{"taxonomy":"category","embeddable":true,"href":"https:\/\/www.europesays.com\/fr\/wp-json\/wp\/v2\/categories?post=266949"},{"taxonomy":"post_tag","embeddable":true,"href":"https:\/\/www.europesays.com\/fr\/wp-json\/wp\/v2\/tags?post=266949"}],"curies":[{"name":"wp","href":"https:\/\/api.w.org\/{rel}","templated":true}]}}