{"id":266953,"date":"2025-07-23T01:58:13","date_gmt":"2025-07-23T01:58:13","guid":{"rendered":"https:\/\/www.europesays.com\/fr\/266953\/"},"modified":"2025-07-23T01:58:13","modified_gmt":"2025-07-23T01:58:13","slug":"jean-luc-lahaye-et-sa-jeune-compagne-en-blanc-immacule-se-redisent-oui-au-chateau-de-janvry-video","status":"publish","type":"post","link":"https:\/\/www.europesays.com\/fr\/266953\/","title":{"rendered":"Jean-Luc Lahaye et sa jeune compagne en blanc immacul\u00e9 se (re)disent oui au ch\u00e2teau de Janvry (Vid\u00e9o)"},"content":{"rendered":"<p data-start=\"432\" data-end=\"815\">Quand <a href=\"https:\/\/www.closermag.fr\/people\/mariage-de-jean-luc-lahaye-et-paola-vip-oublies-baskets-et-tetes-de-mort-les-images-de-la-ceremonie-decriee-3560356\" target=\"_blank\" rel=\"noopener\"><br \/>\nJean-Luc Lahaye<\/a> aime, il ne compte pas. Vendredi 18 juillet,<br \/>\nl\u2019interpr\u00e8te de Femme que<br \/>\nj\u2019aime et sa jeune \u00e9pouse <a href=\"https:\/\/www.closermag.fr\/people\/jean-luc-lahaye-bientot-marie-qui-est-paola-sa-tres-jeune-compagne-choisie-a-lechographie-3560099\" target=\"_blank\" rel=\"noopener\"><br \/>\nPaola<\/a> ont renouvel\u00e9 leurs v\u0153ux dans un cadre bucolique et<br \/>\nromantique : <strong>le ch\u00e2teau de Janvry, situ\u00e9 dans<br \/>\nl\u2019Essonne.<\/strong> Une dizaine de jours apr\u00e8s leur passage \u00e0 la<br \/>\nmairie du 18\u1d49 arrondissement de Paris, le couple s\u2019est offert une<br \/>\nnouvelle c\u00e9r\u00e9monie pleine d\u2019\u00e9motion.<\/p>\n<p data-start=\"817\" data-end=\"1226\">Cette fois, exit la robe courte<br \/>\net le costume bleu. La mari\u00e9e, de 30 ans sa cadette, avait opt\u00e9<br \/>\npour <strong>une tenue plus longue, toujours blanche<\/strong>,<br \/>\naccessoiris\u00e9e d\u2019une couronne de fleurs. <a href=\"https:\/\/www.closermag.fr\/people\/mariage-de-jean-luc-lahaye-une-seule-ombre-au-tableau-et-elle-concerne-sa-fille-handicapee-3560392\" target=\"_blank\" rel=\"noopener\"><br \/>\nLe chanteur<\/a>, du haut de ses 72 ans, portait un costume noir.<br \/>\nSur un tapis blanc d\u00e9roul\u00e9 dans le parc du domaine, les mari\u00e9s ont<br \/>\n\u00e9chang\u00e9 leurs v\u0153ux devant leurs invit\u00e9s, en pr\u00e9sence de ce qui<br \/>\nsemble \u00eatre un pr\u00eatre. Et bien s\u00fbr, <a href=\"https:\/\/www.closermag.fr\/people\/pierre-jean-chalencon-crible-de-dettes-cette-petite-fortune-quil-pourrait-toucher-3557059\" target=\"_blank\" rel=\"noopener\"><br \/>\nPierre-Jean Chalen\u00e7on<\/a> \u00e9tait l\u00e0, fid\u00e8le au poste.<\/p>\n<p>Jean-Luc et Paola Lahaye :<br \/>\nleur c\u00e9r\u00e9monie partag\u00e9e sur la Toile<\/p>\n<p data-start=\"1271\" data-end=\"1758\"><a href=\"https:\/\/www.closermag.fr\/people\/line-renaud-a-97-ans-pierre-jean-chalencon-derape-affreusement-jespere-que-ce-sera-son-dernier-3560389\" target=\"_blank\" rel=\"noopener\"><br \/>\nL\u2019ex-acheteur d\u2019Affaire<br \/>\nconclue<\/a> n\u2019a pas manqu\u00e9 de capturer l\u2019instant. Il a post\u00e9<br \/>\nplusieurs vid\u00e9os du mariage sur Instagram, accompagn\u00e9es d\u2019un<br \/>\nmessage tr\u00e8s enthousiaste : \u00ab\u00a0Vive les mari\u00e9s !!!! Vive la vie \u2026. <strong>\u00c0 un amour<br \/>\ninconditionnel\u2026<\/strong> au grand amour \u2026 \u00e0 ma famille d&rsquo;adoption\u2026.<br \/>\nMerci \u00e0 Charles Trenet&#8230; De m\u2019avoir pr\u00e9sent\u00e9 \u00e0 Jean -Luc&#8230; madame<br \/>\nLahaye est resplendissante\u2026 une femme exceptionnelle\u2026. Nous r\u00eavons<br \/>\ntous un jour de rencontrer une femme comme Paola !!!\u00a0\u00bb<\/p>\n<p data-start=\"1760\" data-end=\"2102\">Pas de chichis ni de<br \/>\nbling-bling, mais une ambiance champ\u00eatre et familiale. La sc\u00e8ne se<br \/>\npasse en plein air, sous les arbres, dans un esprit boh\u00e8me qui<br \/>\ntranche avec <a href=\"https:\/\/www.closermag.fr\/people\/jean-luc-lahaye-accuse-de-viols-on-ne-pensait-pas-que-le-chanteur-prie-de-se-taire-3546793\" target=\"_blank\" rel=\"noopener\"><br \/>\nles accusations d&rsquo;agressions sexuelles<\/a> autour du chanteur ces<br \/>\nderni\u00e8res ann\u00e9es. Aujourd&rsquo;hui, Jean-Luc Lahaye <strong>semble<br \/>\nvouloir tourner la page<\/strong>, main dans la main avec sa<br \/>\ncompagne de 30 ans sa cadette.<\/p>\n<blockquote class=\"instagram-media\" style=\"background: #ffffff;border: 0;margin: 1px;width: 100%;padding: 0;max-width: 500px;\" data-instgrm-permalink=\"https:\/\/www.instagram.com\/p\/DMaFeUVokWF\/\" data-instgrm-version=\"14\"\/>\n<p>Une<br \/>\ngrande absente lors de la f\u00eate : Margaux Lahaye<\/p>\n<p data-start=\"2143\" data-end=\"2480\">Mais une question reste en<br \/>\nsuspens : <a href=\"https:\/\/www.closermag.fr\/people\/jean-luc-lahaye-accuse-de-viol-sur-mineurs-la-justice-a-tranche-sa-fille-handicapee-fixee-sur-son-sort-3426090\" target=\"_blank\" rel=\"noopener\"><br \/>\nMargaux<\/a>, la fille du chanteur, \u00e9tait-elle pr\u00e9sente ? Lors du<br \/>\n<a href=\"https:\/\/www.closermag.fr\/people\/mariage-de-jean-luc-lahaye-et-paola-vip-oublies-baskets-et-tetes-de-mort-les-images-de-la-ceremonie-decriee-3560356\" target=\"_blank\" rel=\"noopener\"><br \/>\nmariage<\/a> civil \u00e0 Paris, son absence avait \u00e9t\u00e9 remarqu\u00e9e. Victime<br \/>\nen 2019 d\u2019un grave accident, elle a chut\u00e9 depuis un balcon apr\u00e8s<br \/>\navoir confondu une porte vitr\u00e9e avec celle des toilettes.<br \/>\n<strong>Elle est depuis parapl\u00e9gique<\/strong>, \u00e0 seulement 35<br \/>\nans.<\/p>\n<p data-start=\"2482\" data-end=\"2793\" data-is-last-node=\"\" data-is-only-node=\"\">Si les relations entre le p\u00e8re et la fille ont<br \/>\nconnu des hauts et des bas, ce drame aurait pu les rapprocher.<br \/>\nPourtant<strong>, aucune image ou t\u00e9moignage ne confirme sa<br \/>\npr\u00e9sence \u00e0 cette deuxi\u00e8me union<\/strong>. Un myst\u00e8re qui reste<br \/>\nentier, alors que Jean-Luc Lahaye semble plus que jamais d\u00e9cid\u00e9 \u00e0<br \/>\navancer, malgr\u00e9 les \u00e9preuves.<\/p>\n<p><script async src=\"\/\/www.instagram.com\/embed.js\"><\/script><\/p>\n","protected":false},"excerpt":{"rendered":"Quand Jean-Luc Lahaye aime, il ne compte pas. Vendredi 18 juillet, l\u2019interpr\u00e8te de Femme que j\u2019aime et sa&hellip;\n","protected":false},"author":2,"featured_media":266954,"comment_status":"","ping_status":"","sticky":false,"template":"","format":"standard","meta":{"footnotes":""},"categories":[1355],"tags":[548,58,59,1011,27,2440,9415,1930,1361,873,34317,133],"class_list":{"0":"post-266953","1":"post","2":"type-post","3":"status-publish","4":"format-standard","5":"has-post-thumbnail","7":"category-musique","8":"tag-article-simple","9":"tag-divertissement","10":"tag-entertainment","11":"tag-fr","12":"tag-france","13":"tag-instagram","14":"tag-jean-luc-lahaye","15":"tag-mariage","16":"tag-music","17":"tag-musique","18":"tag-pierre-jean-chalencon","19":"tag-video"},"share_on_mastodon":{"url":"https:\/\/pubeurope.com\/@fr\/114900074735707629","error":""},"_links":{"self":[{"href":"https:\/\/www.europesays.com\/fr\/wp-json\/wp\/v2\/posts\/266953","targetHints":{"allow":["GET"]}}],"collection":[{"href":"https:\/\/www.europesays.com\/fr\/wp-json\/wp\/v2\/posts"}],"about":[{"href":"https:\/\/www.europesays.com\/fr\/wp-json\/wp\/v2\/types\/post"}],"author":[{"embeddable":true,"href":"https:\/\/www.europesays.com\/fr\/wp-json\/wp\/v2\/users\/2"}],"replies":[{"embeddable":true,"href":"https:\/\/www.europesays.com\/fr\/wp-json\/wp\/v2\/comments?post=266953"}],"version-history":[{"count":0,"href":"https:\/\/www.europesays.com\/fr\/wp-json\/wp\/v2\/posts\/266953\/revisions"}],"wp:featuredmedia":[{"embeddable":true,"href":"https:\/\/www.europesays.com\/fr\/wp-json\/wp\/v2\/media\/266954"}],"wp:attachment":[{"href":"https:\/\/www.europesays.com\/fr\/wp-json\/wp\/v2\/media?parent=266953"}],"wp:term":[{"taxonomy":"category","embeddable":true,"href":"https:\/\/www.europesays.com\/fr\/wp-json\/wp\/v2\/categories?post=266953"},{"taxonomy":"post_tag","embeddable":true,"href":"https:\/\/www.europesays.com\/fr\/wp-json\/wp\/v2\/tags?post=266953"}],"curies":[{"name":"wp","href":"https:\/\/api.w.org\/{rel}","templated":true}]}}