{"id":266958,"date":"2025-07-23T02:01:08","date_gmt":"2025-07-23T02:01:08","guid":{"rendered":"https:\/\/www.europesays.com\/fr\/266958\/"},"modified":"2025-07-23T02:01:08","modified_gmt":"2025-07-23T02:01:08","slug":"pogacar-explose-le-record-de-lascension-du-mont-ventoux","status":"publish","type":"post","link":"https:\/\/www.europesays.com\/fr\/266958\/","title":{"rendered":"Pogacar explose le record de l&rsquo;ascension du Mont Ventoux"},"content":{"rendered":"<p>Finalement, <a href=\"https:\/\/www.laprovence.com\/article\/sports\/3849012253915914\/tour-de-france-pogacar-defie-le-mont-ventoux-logre-face-au-geant-de-provence\" target=\"_blank\" rel=\"noopener\">l&rsquo;ogre aura quand m\u00eame mang\u00e9 le G\u00e9ant<\/a>. Grandissime favori de cette 16e \u00e9tape entre (ex-) Languedoc et Provence, <a href=\"https:\/\/www.laprovence.com\/article\/sports\/3849012253915914\/tour-de-france-pogacar-defie-le-mont-ventoux-logre-face-au-geant-de-provence\" target=\"_blank\" rel=\"noopener\">Tadej Pogacar<\/a> ne l&rsquo;a pas emport\u00e9 ce mardi au sommet du Mont Chauve, mais il en est redescendu en ayant \u00e9t\u00e9 le plus rapide \u00e0 jamais l&rsquo;avoir mont\u00e9.<\/p>\n<p>Dans les Pyr\u00e9n\u00e9es, Pogacar s&rsquo;\u00e9tait approch\u00e9 du record de l&rsquo;ascension d&rsquo;Hautacam, \u00e9tablissant (selon les rep\u00e8res) la 2e ou la 4e marque du col pyr\u00e9n\u00e9en derri\u00e8re le Danois Bjarne Riis (1996) et peut-\u00eatre Luc Leblanc et Miguel Indurain (1994). Ce mardi, il fallait un sacr\u00e9 cran pour s&rsquo;attaquer au record d\u00e9tenu par le Basque espagnol Iban Mayo (55&rsquo;51, en\u00a02004) lors d&rsquo;un contre-la-montre sec du Crit\u00e9rium du Dauphin\u00e9 au d\u00e9part de B\u00e9doin.<\/p>\n","protected":false},"excerpt":{"rendered":"Finalement, l&rsquo;ogre aura quand m\u00eame mang\u00e9 le G\u00e9ant. Grandissime favori de cette 16e \u00e9tape entre (ex-) Languedoc et&hellip;\n","protected":false},"author":2,"featured_media":266959,"comment_status":"","ping_status":"","sticky":false,"template":"","format":"standard","meta":{"footnotes":""},"categories":[9],"tags":[17,40652,1011,27,15287,4350,3241,60,37525,3584],"class_list":{"0":"post-266958","1":"post","2":"type-post","3":"status-publish","4":"format-standard","5":"has-post-thumbnail","7":"category-sports","8":"tag-17","9":"tag-explose","10":"tag-fr","11":"tag-france","12":"tag-historique","13":"tag-pogacar","14":"tag-record","15":"tag-sports","16":"tag-tadej","17":"tag-tour"},"share_on_mastodon":{"url":"https:\/\/pubeurope.com\/@fr\/114900086560298439","error":""},"_links":{"self":[{"href":"https:\/\/www.europesays.com\/fr\/wp-json\/wp\/v2\/posts\/266958","targetHints":{"allow":["GET"]}}],"collection":[{"href":"https:\/\/www.europesays.com\/fr\/wp-json\/wp\/v2\/posts"}],"about":[{"href":"https:\/\/www.europesays.com\/fr\/wp-json\/wp\/v2\/types\/post"}],"author":[{"embeddable":true,"href":"https:\/\/www.europesays.com\/fr\/wp-json\/wp\/v2\/users\/2"}],"replies":[{"embeddable":true,"href":"https:\/\/www.europesays.com\/fr\/wp-json\/wp\/v2\/comments?post=266958"}],"version-history":[{"count":0,"href":"https:\/\/www.europesays.com\/fr\/wp-json\/wp\/v2\/posts\/266958\/revisions"}],"wp:featuredmedia":[{"embeddable":true,"href":"https:\/\/www.europesays.com\/fr\/wp-json\/wp\/v2\/media\/266959"}],"wp:attachment":[{"href":"https:\/\/www.europesays.com\/fr\/wp-json\/wp\/v2\/media?parent=266958"}],"wp:term":[{"taxonomy":"category","embeddable":true,"href":"https:\/\/www.europesays.com\/fr\/wp-json\/wp\/v2\/categories?post=266958"},{"taxonomy":"post_tag","embeddable":true,"href":"https:\/\/www.europesays.com\/fr\/wp-json\/wp\/v2\/tags?post=266958"}],"curies":[{"name":"wp","href":"https:\/\/api.w.org\/{rel}","templated":true}]}}