{"id":266962,"date":"2025-07-23T02:03:13","date_gmt":"2025-07-23T02:03:13","guid":{"rendered":"https:\/\/www.europesays.com\/fr\/266962\/"},"modified":"2025-07-23T02:03:13","modified_gmt":"2025-07-23T02:03:13","slug":"lultraportable-amd-pret-a-tout-perd-150-e-pour-lultime-journee-des-soldes","status":"publish","type":"post","link":"https:\/\/www.europesays.com\/fr\/266962\/","title":{"rendered":"l\u2019ultraportable AMD pr\u00eat \u00e0 tout perd 150 \u20ac pour l&rsquo;ultime journ\u00e9e des soldes"},"content":{"rendered":"<p>Un ch\u00e2ssis en aluminium, un Ryzen 7 de derni\u00e8re g\u00e9n\u00e9ration et une belle dalle FHD+ : cet Inspiron 14 d\u00e9croche la palme du PC compact et performant. Sur son site officiel, Dell propose ce laptop \u00e0 579 euros au lieu de 729 euros.<\/p>\n<p><a href=\"https:\/\/images.frandroid.com\/wp-content\/uploads\/2025\/07\/dell-inspiron-14-bons-plans-soldes-ete-frandroid.jpg\" target=\"_blank\" class=\"article-content__figure\" rel=\"noopener\"><img fetchpriority=\"high\" decoding=\"async\" loading=\"eager\" width=\"1200\" height=\"799\" src=\"https:\/\/www.europesays.com\/fr\/wp-content\/uploads\/2025\/07\/dell-inspiron-14-bons-plans-soldes-ete-frandroid.jpg\" alt=\"\" class=\"wp-image-2741499 wp-image wp-image\"  \/><\/a><\/p>\n<p>Le Dell Inspiron 14 est taill\u00e9 pour les utilisateurs exigeants qui veulent conjuguer mobilit\u00e9 et puissance. Sous son \u00e9l\u00e9gant ch\u00e2ssis Ice Blue en aluminium se cache une configuration solide, pour un prix vraiment accessible aujourd\u2019hui gr\u00e2ce \u00e0 cette <a href=\"https:\/\/shop.frandroid.com\/69s8ajc7\" target=\"_blank\" rel=\"noreferrer noopener affiliate nofollow\" data-gtm=\"{&quot;event&quot;:&quot;afficlic&quot;,&quot;nom_marchand&quot;:&quot;dell&quot;,&quot;nom_produit&quot;:&quot;inconnu&quot;,&quot;categorie_produit&quot;:&quot;inconnu&quot;,&quot;module_produit&quot;:&quot;editolink&quot;,&quot;position_marchand&quot;:0,&quot;texte&quot;:&quot;dell-retire-150-euros-sur-ce-laptop&quot;,&quot;offer_url&quot;:&quot;https:\/\/shop.frandroid.com\/69s8ajc7&quot;,&quot;zone&quot;:&quot;contenu-page&quot;}\">remise de 150 euros<\/a> lors des <a href=\"https:\/\/www.frandroid.com\/bons-plans\/2734595_cest-le-dernier-jour-des-soldes-dete-voici-les-ultimes-offres-a-saisir-sur-amazon-fnac-darty\" target=\"_blank\" rel=\"noreferrer noopener\">soldes d\u2019\u00e9t\u00e9<\/a>.<\/p>\n<p>Les trois points \u00e0 retenir de ce Dell Inspiron 14<\/p>\n<ul class=\"wp-block-list\">\n<li>Un CPU AMD Ryzen 7 8840U et 16 Go de RAM DDR5<\/li>\n<li>Un \u00e9cran FHD+ IPS 14 pouces antireflets<\/li>\n<li>Ch\u00e2ssis en aluminium, Wi-Fi 6 et USB-C complet<\/li>\n<\/ul>\n<p>Au lieu de 729 euros, le Dell Inspiron 14 est <a href=\"https:\/\/shop.frandroid.com\/69s8ajc7\" target=\"_blank\" rel=\"noreferrer noopener affiliate nofollow\" data-gtm=\"{&quot;event&quot;:&quot;afficlic&quot;,&quot;nom_marchand&quot;:&quot;dell&quot;,&quot;nom_produit&quot;:&quot;inconnu&quot;,&quot;categorie_produit&quot;:&quot;inconnu&quot;,&quot;module_produit&quot;:&quot;editolink&quot;,&quot;position_marchand&quot;:0,&quot;texte&quot;:&quot;aujourd-hui-disponible-en-promotion-a-579-euros-sur-le-site-de-dell&quot;,&quot;offer_url&quot;:&quot;https:\/\/shop.frandroid.com\/69s8ajc7&quot;,&quot;zone&quot;:&quot;contenu-page&quot;}\">aujourd\u2019hui disponible en promotion \u00e0 579 euros sur le site de Dell<\/a>.<\/p>\n<p>Performances et mobilit\u00e9 au quotidien<\/p>\n<p>Avec son processeur AMD Ryzen 7 8840U, le Dell Inspiron 14 d\u00e9livre une belle r\u00e9activit\u00e9, m\u00eame sur les usages exigeants. Le duo 16 Go de RAM DDR5 et SSD NVMe de 512 Go assure une fluidit\u00e9 exemplaire pour la bureautique avanc\u00e9e, le travail cr\u00e9atif l\u00e9ger ou le multit\u00e2che intensif. Ce PC est pens\u00e9 pour durer, avec une architecture moderne et \u00e9volutive.<\/p>\n<p>La batterie 4 cellules de 54 Wh permet de tenir plusieurs heures loin d\u2019une prise, tandis que l\u2019adaptateur 65 W offre une recharge rapide et efficace. C\u2019est l\u2019outil parfait pour accompagner une journ\u00e9e de travail nomade que ce soit au bureau ou en d\u00e9placement.<\/p>\n<p>Le tout est sublim\u00e9 par une finition soign\u00e9e en aluminium, pour un design sobre et \u00e9l\u00e9gant, qui sait se faire remarquer sans en faire trop.<\/p>\n<p>Un affichage et une connectique bien pens\u00e9s<\/p>\n<p>L\u2019\u00e9cran <a href=\"https:\/\/www.frandroid.com\/comment-faire\/comment-fonctionne-la-technologie\/342762_difference-entre-definition-resolution\" target=\"_blank\" rel=\"noopener\">FHD+ en 16:10<\/a> offre une surface d\u2019affichage id\u00e9ale pour travailler confortablement, tout en restant compact pour les d\u00e9placements. La dalle IPS assure de larges angles de vision et une colorim\u00e9trie respectueuse des yeux gr\u00e2ce \u00e0 la technologie ComfortView. M\u00eame en open-space ou pr\u00e8s d\u2019une fen\u00eatre, l\u2019antireflet joue son r\u00f4le.<\/p>\n<p>C\u00f4t\u00e9 son, Dell int\u00e8gre des haut-parleurs st\u00e9r\u00e9o avec un total de 4 W, suffisants pour les conf\u00e9rences comme pour un peu de musique. La webcam Full HD avec double micro garantit des appels vid\u00e9o clairs et nets, un plus \u00e0 l\u2019heure des r\u00e9unions hybrides.<\/p>\n<p>Pour finir, la connectique tr\u00e8s compl\u00e8te rend cet Inspiron 14 polyvalent : ports USB-A, USB-C, HDMI, lecteur SD, et bien s\u00fbr Wi-Fi 6 pour une connexion toujours stable, m\u00eame en environnement charg\u00e9.<\/p>\n<p>Afin de comparer le Dell Inspiron 14 avec d\u2019autres produits de la m\u00eame cat\u00e9gorie, nous vous invitons d\u00e8s maintenant \u00e0 consulter <a href=\"https:\/\/www.frandroid.com\/guide-dachat\/638784_pc-portables-pas-cher-quels-sont-les-meilleurs-a-moins-de-500-euros\" target=\"_blank\" rel=\"noopener\">notre guide sur les meilleurs PC Portables pas chers du moment<\/a>.<\/p>\n<p>Les Soldes d\u2019\u00e9t\u00e9 2025 <\/p>\n<p>Jusqu\u2019au 22 juillet prochain, ce sont <a href=\"https:\/\/www.frandroid.com\/bons-plans\/2717571_soldes-dete-amazon-et-dautres-cassent-les-prix-pour-la-2e-demarque-voici-les-meilleures-offres-en-direct\" data-type=\"link\" data-id=\"https:\/\/www.frandroid.com\/bons-plans\/2717571_soldes-dete-amazon-et-dautres-cassent-les-prix-pour-la-2e-demarque-voici-les-meilleures-offres-en-direct\" target=\"_blank\" rel=\"noreferrer noopener\">les soldes d\u2019\u00e9t\u00e9 en France<\/a>. En cette occasion, la r\u00e9daction de Frandroid met \u00e0 votre service son expertise en mati\u00e8re de nouvelles technologies pour vous aider \u00e0 faire votre choix dans votre prochain achat Tech \u00e0 prix r\u00e9duit. Il y a plusieurs articles avec diff\u00e9rentes th\u00e9matiques, \u00e0 vous de choisir :<\/p>\n<p>Et pour \u00eatre s\u00fbr de ne manquer aucun bon plan de l\u2019\u00e9dition 2025 des soldes d\u2019\u00e9t\u00e9 et du Prime Day, vous pouvez aussi :<\/p>\n<ul class=\"wp-block-list\">\n<li>Nous suivre sur notre compte X\u00a0<a href=\"https:\/\/twitter.com\/FrandroidPromos\" target=\"_blank\" rel=\"noopener noreferrer\">@FrandroidPromos<\/a> uniquement d\u00e9di\u00e9 aux bons plans (pensez \u00e0 activer la cloche pour recevoir les notifications en temps r\u00e9el)<\/li>\n<li>\n<a href=\"https:\/\/whatsapp.com\/channel\/0029VabYxm5LI8YhSlD8xc05\" target=\"_blank\" rel=\"noopener\">Rejoindre notre canal WhatsApp<\/a> pour recevoir une fois par jour un condens\u00e9 des meilleures offres<\/li>\n<li>T\u00e9l\u00e9charger notre <a href=\"https:\/\/www.frandroid.com\/telecharger\/apps\/frandroid\" target=\"_blank\" rel=\"noopener\">application Frandroid<\/a> (disponible sur iOS et Android) pour activer les notifications de la cat\u00e9gorie \u00ab Bons Plans \u00bb et ainsi recevoir en temps r\u00e9el les nouveaux articles publi\u00e9s<\/li>\n<li>S\u2019abonner \u00e0 notre newsletter pour \u00eatre s\u00fbr de recevoir les offres en avant-premi\u00e8re (pas plus d\u2019un mail par jour, d\u00e9sinscription en 1 clic, aucune diffusion \u00e0 des tiers) :<\/li>\n<\/ul>\n<p class=\"newsletter-form__title is-size-6 is-size-7-mobile is-uppercase has-text-good-deals has-text-weight-semibold mb-4 px-5\">Frandroid Bons plans<\/p>\n<p class=\"has-text-centered-tablet newsletter-form__subtitle is-size-4 has-text-weight-bold has-text-primary column is-9-tablet is-10-mobile\">\n                C\u2019est enregistr\u00e9 ! Surveillez votre bo\u00eete aux lettres, vous allez entendre parler de nous\u00a0!\n            <\/p>\n<p class=\"newsletter-form__subtitle is-size-4 has-text-weight-bold has-text-gradient-pink\">Ne manquez aucun bon plan avec notre newsletter<\/p>\n<p class=\"is-size-7\">\n                Les donn\u00e9es transmises par le biais de ce formulaire sont destin\u00e9es \u00e0 Humanoid,<br \/>\n                soci\u00e9t\u00e9 \u00e9ditrice du site Frandroid en sa qualit\u00e9 de responsable de traitement.<br \/>\n                Elles ne seront en aucun cas c\u00e9d\u00e9es \u00e0 des tiers. Ces donn\u00e9es sont trait\u00e9es sous r\u00e9serve d\u2019obtention de<br \/>\n                votre consentement pour vous envoyer par e-mail des actualit\u00e9s et informations relatives aux contenus<br \/>\n                \u00e9ditoriaux publi\u00e9s sur Frandroid. Vous pouvez vous opposer \u00e0 tout moment \u00e0 ces e-mails<br \/>\n                en cliquant sur les liens de d\u00e9sinscriptions pr\u00e9sents dans chacun d\u2019eux. Pour plus d\u2019informations, vous<br \/>\n                pouvez consulter l\u2019int\u00e9gralit\u00e9 de notre <a href=\"https:\/\/www.frandroid.com\/politique-donnees-personnelles\" target=\"_blank\" rel=\"noopener\"><br \/>\n                politique de traitement de vos donn\u00e9es personnelles<\/a>.<br \/>\n                Vous disposez d\u2019un droit d\u2019acc\u00e8s, de rectification, d\u2019effacement, de limitation, de portabilit\u00e9 et<br \/>\n                d\u2019opposition pour motif l\u00e9gitime aux donn\u00e9es personnelles vous concernant. Pour exercer l\u2019un de ces droits,<br \/>\n                merci d\u2019effectuer votre demande via notre <a href=\"https:\/\/www.frandroid.com\/contact\/#RGPD\" target=\"_blank\" rel=\"noopener\">formulaire<br \/>\n                de demandes d\u2019exercices de droits d\u00e9di\u00e9<\/a>.\n            <\/p>\n<p>Envie de rejoindre une communaut\u00e9 de passionn\u00e9s ? <a href=\"https:\/\/discord.com\/invite\/frandroid-311789172149190657\" target=\"_blank\" rel=\"noopener\">Notre Discord<\/a> vous accueille, c\u2019est un lieu d\u2019entraide et de passion autour de la tech.<\/p>\n<p>            <script async src=\"https:\/\/platform.twitter.com\/widgets.js\" charset=\"utf-8\"><\/script><\/p>\n","protected":false},"excerpt":{"rendered":"Un ch\u00e2ssis en aluminium, un Ryzen 7 de derni\u00e8re g\u00e9n\u00e9ration et une belle dalle FHD+ : cet Inspiron&hellip;\n","protected":false},"author":2,"featured_media":266963,"comment_status":"","ping_status":"","sticky":false,"template":"","format":"standard","meta":{"footnotes":""},"categories":[7],"tags":[26485,40653,1011,27,43,40,41,39,34230,42,44],"class_list":{"0":"post-266962","1":"post","2":"type-post","3":"status-publish","4":"format-standard","5":"has-post-thumbnail","7":"category-sciences-et-technologies","8":"tag-bons-plans-dell","9":"tag-dell-inspiron","10":"tag-fr","11":"tag-france","12":"tag-science","13":"tag-science-and-technology","14":"tag-sciences","15":"tag-sciences-et-technologies","16":"tag-soldes-dete-2025","17":"tag-technologies","18":"tag-technology"},"share_on_mastodon":{"url":"https:\/\/pubeurope.com\/@fr\/114900094587280365","error":""},"_links":{"self":[{"href":"https:\/\/www.europesays.com\/fr\/wp-json\/wp\/v2\/posts\/266962","targetHints":{"allow":["GET"]}}],"collection":[{"href":"https:\/\/www.europesays.com\/fr\/wp-json\/wp\/v2\/posts"}],"about":[{"href":"https:\/\/www.europesays.com\/fr\/wp-json\/wp\/v2\/types\/post"}],"author":[{"embeddable":true,"href":"https:\/\/www.europesays.com\/fr\/wp-json\/wp\/v2\/users\/2"}],"replies":[{"embeddable":true,"href":"https:\/\/www.europesays.com\/fr\/wp-json\/wp\/v2\/comments?post=266962"}],"version-history":[{"count":0,"href":"https:\/\/www.europesays.com\/fr\/wp-json\/wp\/v2\/posts\/266962\/revisions"}],"wp:featuredmedia":[{"embeddable":true,"href":"https:\/\/www.europesays.com\/fr\/wp-json\/wp\/v2\/media\/266963"}],"wp:attachment":[{"href":"https:\/\/www.europesays.com\/fr\/wp-json\/wp\/v2\/media?parent=266962"}],"wp:term":[{"taxonomy":"category","embeddable":true,"href":"https:\/\/www.europesays.com\/fr\/wp-json\/wp\/v2\/categories?post=266962"},{"taxonomy":"post_tag","embeddable":true,"href":"https:\/\/www.europesays.com\/fr\/wp-json\/wp\/v2\/tags?post=266962"}],"curies":[{"name":"wp","href":"https:\/\/api.w.org\/{rel}","templated":true}]}}