{"id":266966,"date":"2025-07-23T02:05:10","date_gmt":"2025-07-23T02:05:10","guid":{"rendered":"https:\/\/www.europesays.com\/fr\/266966\/"},"modified":"2025-07-23T02:05:10","modified_gmt":"2025-07-23T02:05:10","slug":"luniversite-columbia-sanctionne-80-etudiants-propalestiniens-apres-loccupation-dune-bibliotheque","status":"publish","type":"post","link":"https:\/\/www.europesays.com\/fr\/266966\/","title":{"rendered":"L\u2019universit\u00e9 Columbia sanctionne 80 \u00e9tudiants propalestiniens apr\u00e8s l\u2019occupation d\u2019une biblioth\u00e8que"},"content":{"rendered":"<p>L\u2019<a href=\"https:\/\/www.20minutes.fr\/monde\/etats-unis\/4142498-20250308-etats-unis-face-actes-antisemites-universite-columbia-trump-supprime-400-millions-aides-federales\" target=\"_blank\" class=\"color-ultramarine c-link\" rel=\"nofollow noopener\">universit\u00e9 Columbia<\/a> a d\u00e9cid\u00e9 de s\u00e9vir. Pr\u00e8s de 80 <a href=\"https:\/\/www.20minutes.fr\/magazine\/etudiant-mag\/\" target=\"_blank\" class=\"color-ultramarine c-link\" rel=\"nofollow noopener\">\u00e9tudiants<\/a> ont \u00e9t\u00e9 sanctionn\u00e9s pour avoir occup\u00e9 en mai la biblioth\u00e8que Butler du campus new-yorkais afin de protester contre les frappes isra\u00e9liennes \u00e0 <a href=\"https:\/\/www.20minutes.fr\/monde\/gaza\/\" target=\"_blank\" class=\"color-ultramarine c-link\" rel=\"nofollow noopener\">Gaza<\/a>. Une action symbolique pour cette institution qui fait face depuis plusieurs mois \u00e0 une pression croissante de l\u2019administration Trump sur fond d\u2019accusations \u00ab\u00a0d\u2019<a href=\"https:\/\/www.20minutes.fr\/dossier\/antisemitisme\" target=\"_blank\" class=\"color-ultramarine c-link\" rel=\"nofollow noopener\">antis\u00e9mitisme<\/a>\u00a0\u00bb.<\/p>\n<p>Dans un communiqu\u00e9 publi\u00e9 mardi, l\u2019<a href=\"https:\/\/www.20minutes.fr\/dossier\/universite\" target=\"_blank\" class=\"color-ultramarine c-link\" rel=\"nofollow noopener\">universit\u00e9<\/a> a confirm\u00e9 avoir impos\u00e9 des mesures disciplinaires individuelles allant de simples p\u00e9riodes de probation \u00e0 des suspensions d\u2019un \u00e0 trois ans, voire des <a href=\"https:\/\/www.20minutes.fr\/dossier\/expulsion\" target=\"_blank\" class=\"color-ultramarine c-link\" rel=\"nofollow noopener\">expulsions<\/a>. Le Comit\u00e9 des affaires judiciaires de Columbia a pris en compte \u00ab\u00a0le degr\u00e9 d\u2019implication\u00a0\u00bb des \u00e9tudiants ainsi que leur \u00e9ventuel passif disciplinaire. \u00ab\u00a0Toute perturbation des activit\u00e9s universitaires constitue une violation des politiques et du r\u00e8glement de l\u2019universit\u00e9 qui entra\u00eeneront n\u00e9cessairement des cons\u00e9quences\u00a0\u00bb, a rappel\u00e9 l\u2019institution.<\/p>\n<p>Des \u00ab\u00a0voyous pro-Hamas\u00a0\u00bb<\/p>\n<p>L\u2019occupation de la <a href=\"https:\/\/www.20minutes.fr\/livres\/bibliotheque\/\" target=\"_blank\" class=\"color-ultramarine c-link\" rel=\"nofollow noopener\">biblioth\u00e8que<\/a> Butler d\u00e9but mai avait suscit\u00e9 une r\u00e9action imm\u00e9diate des autorit\u00e9s universitaires, qui avaient requis l\u2019intervention de la police. Le chef de la diplomatie am\u00e9ricaine <a href=\"https:\/\/www.20minutes.fr\/politique\/marco-rubio\/\" target=\"_blank\" class=\"color-ultramarine c-link\" rel=\"nofollow noopener\">Marco Rubio<\/a> avait qualifi\u00e9 les manifestants de \u00ab\u00a0voyous pro-Hamas\u00a0\u00bb, renfor\u00e7ant les tensions entre Washington et les universit\u00e9s accus\u00e9es de laxisme face aux mobilisations \u00e9tudiantes propalestiniennes.<\/p>\n<\/p>\n<p>Ce n\u2019est pas la premi\u00e8re fois que l\u2019universit\u00e9 Columbia se retrouve au c\u0153ur de la contestation. Un an plus t\u00f4t, des manifestants propalestiniens avaient \u00e9t\u00e9 d\u00e9log\u00e9s par la police alors qu\u2019ils s\u2019\u00e9taient barricad\u00e9s dans un autre b\u00e2timent du campus. Les revendications visaient notamment \u00e0 pousser les universit\u00e9s \u00e0 rompre leurs liens financiers avec des entreprises impliqu\u00e9es en <a href=\"https:\/\/www.20minutes.fr\/monde\/israel\/\" target=\"_blank\" class=\"color-ultramarine c-link\" rel=\"nofollow noopener\">Isra\u00ebl<\/a>.<\/p>\n<p>Fortes pressions de l\u2019administration Trump<\/p>\n<p>Ces sanctions interviennent alors que le gouvernement <a href=\"https:\/\/www.20minutes.fr\/dossier\/donald_trump\" target=\"_blank\" class=\"color-ultramarine c-link\" rel=\"nofollow noopener\">Trump<\/a> a gel\u00e9 plusieurs centaines de millions de dollars de subventions f\u00e9d\u00e9rales destin\u00e9es \u00e0 la recherche \u00e0 Columbia, accentuant la pression sur l\u2019\u00e9tablissement. Lors de la c\u00e9r\u00e9monie de remise des dipl\u00f4mes fin mai, la pr\u00e9sidente de l\u2019universit\u00e9 a \u00e9t\u00e9 accueillie par des hu\u00e9es de la part d\u2019\u00e9tudiants, qui lui reprochent d\u2019avoir c\u00e9d\u00e9 aux injonctions politiques et d\u2019avoir permis l\u2019arrestation controvers\u00e9e de <a href=\"https:\/\/www.20minutes.fr\/search?q=Mahmoud+Khalil#gsc.tab=0&amp;gsc.q=Mahmoud%20Khalil&amp;gsc.page=1\" target=\"_blank\" class=\"color-ultramarine c-link\" rel=\"nofollow noopener\">Mahmoud Khalil<\/a>, figure embl\u00e9matique du mouvement propalestinien.<\/p>\n<p><a href=\"https:\/\/www.20minutes.fr\/monde\/etats-unis\/\" target=\"_blank\" class=\"c-link c-btn c-btn--primary\" rel=\"nofollow noopener\">Notre dossier sur les Etats-Unis<\/a><\/p>\n<p>Le Comit\u00e9 de Columbia de soutien \u00e0 la campagne de boycott d\u2019Isra\u00ebl a d\u00e9nonc\u00e9 des sanctions \u00ab\u00a0historiques\u00a0\u00bb et accus\u00e9 la direction de \u00ab\u00a0collaboration\u00a0\u00bb avec l\u2019administration Trump. Selon ce collectif, les \u00e9tudiants suspendus devront pr\u00e9senter des excuses s\u2019ils souhaitent r\u00e9int\u00e9grer l\u2019universit\u00e9, sans quoi ils seront \u00ab\u00a0de facto\u00a0\u00bb expuls\u00e9s.<\/p>\n","protected":false},"excerpt":{"rendered":"L\u2019universit\u00e9 Columbia a d\u00e9cid\u00e9 de s\u00e9vir. Pr\u00e8s de 80 \u00e9tudiants ont \u00e9t\u00e9 sanctionn\u00e9s pour avoir occup\u00e9 en mai&hellip;\n","protected":false},"author":2,"featured_media":266967,"comment_status":"","ping_status":"","sticky":false,"template":"","format":"standard","meta":{"footnotes":""},"categories":[5],"tags":[47,11,73,4081,5219,1011,27,33159,665,14,664,1272,74,12,10378,5768,28],"class_list":{"0":"post-266966","1":"post","2":"type-post","3":"status-publish","4":"format-standard","5":"has-post-thumbnail","7":"category-international","8":"tag-actualite","9":"tag-actualites","10":"tag-etats-unis","11":"tag-etudiant","12":"tag-expulsion","13":"tag-fr","14":"tag-france","15":"tag-frappes-aeriennes","16":"tag-gaza","17":"tag-international","18":"tag-israel","19":"tag-manifestations","20":"tag-monde","21":"tag-news","22":"tag-sanction","23":"tag-universite","24":"tag-world"},"share_on_mastodon":{"url":"https:\/\/pubeurope.com\/@fr\/114900102262138947","error":""},"_links":{"self":[{"href":"https:\/\/www.europesays.com\/fr\/wp-json\/wp\/v2\/posts\/266966","targetHints":{"allow":["GET"]}}],"collection":[{"href":"https:\/\/www.europesays.com\/fr\/wp-json\/wp\/v2\/posts"}],"about":[{"href":"https:\/\/www.europesays.com\/fr\/wp-json\/wp\/v2\/types\/post"}],"author":[{"embeddable":true,"href":"https:\/\/www.europesays.com\/fr\/wp-json\/wp\/v2\/users\/2"}],"replies":[{"embeddable":true,"href":"https:\/\/www.europesays.com\/fr\/wp-json\/wp\/v2\/comments?post=266966"}],"version-history":[{"count":0,"href":"https:\/\/www.europesays.com\/fr\/wp-json\/wp\/v2\/posts\/266966\/revisions"}],"wp:featuredmedia":[{"embeddable":true,"href":"https:\/\/www.europesays.com\/fr\/wp-json\/wp\/v2\/media\/266967"}],"wp:attachment":[{"href":"https:\/\/www.europesays.com\/fr\/wp-json\/wp\/v2\/media?parent=266966"}],"wp:term":[{"taxonomy":"category","embeddable":true,"href":"https:\/\/www.europesays.com\/fr\/wp-json\/wp\/v2\/categories?post=266966"},{"taxonomy":"post_tag","embeddable":true,"href":"https:\/\/www.europesays.com\/fr\/wp-json\/wp\/v2\/tags?post=266966"}],"curies":[{"name":"wp","href":"https:\/\/api.w.org\/{rel}","templated":true}]}}