{"id":266978,"date":"2025-07-23T02:15:19","date_gmt":"2025-07-23T02:15:19","guid":{"rendered":"https:\/\/www.europesays.com\/fr\/266978\/"},"modified":"2025-07-23T02:15:19","modified_gmt":"2025-07-23T02:15:19","slug":"une-recrue-et-un-amical-de-prestige-a-montpellier","status":"publish","type":"post","link":"https:\/\/www.europesays.com\/fr\/266978\/","title":{"rendered":"une recrue et un amical de prestige \u00e0 Montpellier"},"content":{"rendered":"<p>Rep\u00eachage en National oblige, la reprise du championnat approche plus vite que pr\u00e9vu pour la Berrichonne de Ch\u00e2teauroux. Ce sera \u00e0 domicile le vendredi <a target=\"_self\" href=\"https:\/\/www.lanouvellerepublique.fr\/chateauroux\/national-la-berrichonne-debutera-le-championnat-en-recevant-valenciennes-le-8-aout-prochain-1752762960\" rel=\"noopener\">8\u00a0ao\u00fbt prochain, avec la r\u00e9ception de Valenciennes<\/a>.<\/p>\n<p>Des ajustements au niveau effectif semblent aussi n\u00e9cessaires, avec des joueurs d\u2019exp\u00e9rience esp\u00e9r\u00e9s. Le premier annonc\u00e9 ce mardi 22\u00a0juillet\u00a0: Roger Tamba, un milieu de terrain arrivant de Bourg-en-Bresse. Le joueur de 26\u00a0ans au profil d\u00e9fensif compte 25 matchs en National entre le FBBP et Annecy.<\/p>\n<p>Aussi, le programme des matchs amicaux est quelque peu chamboul\u00e9. L\u2019affrontement face \u00e0 l\u2019US Chantilly, pr\u00e9vu le 9\u00a0ao\u00fbt, n\u2019est donc plus d\u2019actualit\u00e9. Une autre rencontre devient caduque, celle du 2\u00a0ao\u00fbt face \u00e0 l\u2019AS Panazol. Car la Berri vient d\u2019annoncer la remplacer par un d\u00e9placement plus prestigieux\u00a0: \u00e0 Montpellier. Descendu en Ligue 2, le MHSC va recevoir l\u2019\u00e9quipe de Valentin Guichard dans son stade de la Mosson. Ce sera \u00e0 huis clos, le samedi 2\u00a0ao\u00fbt \u00e0 17\u00a0h, et le dernier moment pour effectuer les ultimes r\u00e9glages avant le retour du championnat.<\/p>\n<p>Les Berrichons ont d\u00e9marr\u00e9 leur pr\u00e9paration par une <a target=\"_self\" href=\"https:\/\/www.lanouvellerepublique.fr\/chateauroux\/amical-la-berrichonne-a-fait-plaisir-a-son-kop-et-a-son-kop-1752956398\" rel=\"noopener\">victoire sur la\u00a0S\u00e9lection PetrusFlo (4-1)<\/a>. Ils encha\u00eeneront ce samedi 26\u00a0juillet par une rencontre face \u00e0 Saint-Pryv\u00e9-Saint-Hilaire (N2) et par un match face au Stade poitevin le 29\u00a0juillet.<\/p>\n<p>\u00a0<\/p>\n<p class=\"alireaussi\"><b>&gt;\u00a0Rejoignez la communaut\u00e9 NR Foot 36 sur Facebook.<\/b><\/p>\n","protected":false},"excerpt":{"rendered":"Rep\u00eachage en National oblige, la reprise du championnat approche plus vite que pr\u00e9vu pour la Berrichonne de Ch\u00e2teauroux.&hellip;\n","protected":false},"author":2,"featured_media":266979,"comment_status":"","ping_status":"","sticky":false,"template":"","format":"standard","meta":{"footnotes":""},"categories":[9599],"tags":[1392,1111,11,4351,1777,674,63,1011,27,5052,19881,19880,2208,3238,12,2680,25,60],"class_list":{"0":"post-266978","1":"post","2":"type-post","3":"status-publish","4":"format-standard","5":"has-post-thumbnail","7":"category-montpellier","8":"tag-a-la-une-local","9":"tag-actu","10":"tag-actualites","11":"tag-chateauroux","12":"tag-eu","13":"tag-europe","14":"tag-football","15":"tag-fr","16":"tag-france","17":"tag-indre","18":"tag-la-berri-foot","19":"tag-la-berrichonne-football","20":"tag-montpellier","21":"tag-national","22":"tag-news","23":"tag-occitanie","24":"tag-republique-francaise","25":"tag-sports"},"share_on_mastodon":{"url":"https:\/\/pubeurope.com\/@fr\/114900141489283235","error":""},"_links":{"self":[{"href":"https:\/\/www.europesays.com\/fr\/wp-json\/wp\/v2\/posts\/266978","targetHints":{"allow":["GET"]}}],"collection":[{"href":"https:\/\/www.europesays.com\/fr\/wp-json\/wp\/v2\/posts"}],"about":[{"href":"https:\/\/www.europesays.com\/fr\/wp-json\/wp\/v2\/types\/post"}],"author":[{"embeddable":true,"href":"https:\/\/www.europesays.com\/fr\/wp-json\/wp\/v2\/users\/2"}],"replies":[{"embeddable":true,"href":"https:\/\/www.europesays.com\/fr\/wp-json\/wp\/v2\/comments?post=266978"}],"version-history":[{"count":0,"href":"https:\/\/www.europesays.com\/fr\/wp-json\/wp\/v2\/posts\/266978\/revisions"}],"wp:featuredmedia":[{"embeddable":true,"href":"https:\/\/www.europesays.com\/fr\/wp-json\/wp\/v2\/media\/266979"}],"wp:attachment":[{"href":"https:\/\/www.europesays.com\/fr\/wp-json\/wp\/v2\/media?parent=266978"}],"wp:term":[{"taxonomy":"category","embeddable":true,"href":"https:\/\/www.europesays.com\/fr\/wp-json\/wp\/v2\/categories?post=266978"},{"taxonomy":"post_tag","embeddable":true,"href":"https:\/\/www.europesays.com\/fr\/wp-json\/wp\/v2\/tags?post=266978"}],"curies":[{"name":"wp","href":"https:\/\/api.w.org\/{rel}","templated":true}]}}