{"id":266980,"date":"2025-07-23T02:20:45","date_gmt":"2025-07-23T02:20:45","guid":{"rendered":"https:\/\/www.europesays.com\/fr\/266980\/"},"modified":"2025-07-23T02:20:45","modified_gmt":"2025-07-23T02:20:45","slug":"entreprises-un-laboratoire-commun-a-grenoble-deux-nouveaux-actionnaires-majoritaires-pour-luquet-et-duranton-leur-actu-en-bref","status":"publish","type":"post","link":"https:\/\/www.europesays.com\/fr\/266980\/","title":{"rendered":"Entreprises. Un laboratoire commun \u00e0 Grenoble, deux nouveaux actionnaires majoritaires pour Luquet et Duranton&#8230; Leur actu en bref"},"content":{"rendered":"<p>  &#13;<br \/>\n      <a href=\"https:\/\/cdn-s-www.ledauphine.com\/images\/20307a86-1575-4b74-a8b3-50d744bde9e5\/NW_raw\/photo-antoine-julien-lgp2-1753200045.jpg\" title=\"Photo Antoine Julien-LGP2\" class=\"chocolat-image GA-tracking\" data-ga_type=\"click\" data-ga_category=\"D\u00e9tail\" data-ga_action=\"zoomer\" data-ga_label=\"agrandir image\" target=\"_blank\" rel=\"noopener\">&#13;<br \/>\n          <img loading=\"lazy\" decoding=\"async\" src=\"https:\/\/www.europesays.com\/fr\/wp-content\/uploads\/2025\/07\/photo-antoine-julien-lgp2-1753200045.jpg\" data-mobile=\"NW_listC_M|1753200045\" data-base=\"NW_listC|1753200045\" alt=\"Photo Antoine Julien-LGP2\"\/>&#13;<br \/>\n      <\/a>&#13;<\/p>\n<p>Photo Antoine Julien-LGP2<\/p>\n<p>&#13;<\/p>\n<p>  Is\u00e8re : un laboratoire commun d\u00e9di\u00e9 aux mat\u00e9riaux cellulosiques intelligents et durables<\/p>\n<p>Le CNRS, l\u2019Universit\u00e9 Grenoble Alpes, Grenoble INP &#8211; UGA, l\u2019Agefpi, et le Groupe Fedrigoni, producteur mondial de r\u00e9f\u00e9rence de papiers sp\u00e9ciaux, mat\u00e9riaux auto-adh\u00e9sifs et RFID, ont inaugur\u00e9 leur laboratoire commun \u00e0 Grenoble.<\/p>\n<p>Ce lieu\u00a0commun entre les \u00e9quipes de recherche de Fedrigoni et celles du LGP2 (Laboratoire de g\u00e9nie des proc\u00e9d\u00e9s pour la bioraffinerie, les mat\u00e9riaux bio-sourc\u00e9s et l\u2019impression fonctionnelle CNRS\/UGA \u2013 Grenoble INP &#8211; UGA) s\u2019articule autour de deux grands axes :<\/p>\n<p>-L\u2019\u00e9lectronique imprim\u00e9e sur papier, pour la conception de syst\u00e8mes actifs hybrides, flexibles et \u00e9coresponsables, avec notamment le projet FLEXI-HYPE, une th\u00e8se en cours d\u00e9di\u00e9e \u00e0 l\u2019industrialisation de ces dispositifs.<\/p>\n<p>-La nanocellulose et ses applications dans des mat\u00e9riaux fonctionnels pour l\u2019emballage, avec un projet exploratoire sur l\u2019am\u00e9lioration des objets en cellulose moul\u00e9e humide (rigidit\u00e9, aspect, propri\u00e9t\u00e9s barri\u00e8res), et des th\u00e8ses centr\u00e9es sur les proc\u00e9d\u00e9s de fabrication et la fonctionnalisation des fibres v\u00e9g\u00e9tales.<\/p>\n<p>  &#13;<br \/>\n      <a href=\"https:\/\/cdn-s-www.ledauphine.com\/images\/371da088-3a29-4b5f-bd6c-b1d86faf44cf\/NW_raw\/la-residence-emergence-(2-216-m-valence-26)-1753106088.jpg\" title=\"La r\u00e9sidence Emergence (2 216 m\u00b2 - Valence, 26).\" class=\"chocolat-image GA-tracking\" data-ga_type=\"click\" data-ga_category=\"D\u00e9tail\" data-ga_action=\"zoomer\" data-ga_label=\"agrandir image\" target=\"_blank\" rel=\"noopener\">&#13;<br \/>\n          <img loading=\"lazy\" decoding=\"async\" src=\"https:\/\/www.europesays.com\/fr\/wp-content\/uploads\/2025\/07\/la-residence-emergence-(2-216-m-valence-26)-1753106088.jpg\" data-mobile=\"NW_listC_M|1753106088\" data-base=\"NW_listC|1753106088\" alt=\"La r\u00e9sidence Emergence (2 216 m\u00b2 - Valence, 26).\"\/>&#13;<br \/>\n      <\/a>&#13;<\/p>\n<ul>\n<li>La r\u00e9sidence Emergence (2 216 m\u00b2 &#8211; Valence, 26).<\/li>\n<\/ul>\n<p>&#13;<\/p>\n<p>  R\u00e9gion\u00a0: des\u00a0projets immobiliers de Grenoble, Valence et des Gets retenus dans un concours<\/p>\n<p>Mitsubishi Electric a lanc\u00e9\u00a0la 3e \u00e9dition des Troph\u00e9es 3 Diamants\u00a0:\u00a0un concours qui r\u00e9compense les projets immobiliers innovants et respectueux de l\u2019environnement.<\/p>\n<p>Les candidats concourent dans deux cat\u00e9gories : inf\u00e9rieure ou sup\u00e9rieure \u00e0 5000m\u00b2. Trois laur\u00e9ats seront d\u00e9sign\u00e9s dans chaque cat\u00e9gorie, ainsi qu\u2019un coup de c\u0153ur du jury. Les laur\u00e9ats remporteront une campagne de communication valorisant leur projet au niveau national. La c\u00e9r\u00e9monie de remise de prix aura lieu le 27 novembre 2025, \u00e0 Paris.<\/p>\n<p>Voici la liste des six projets retenus pour la r\u00e9gion Auvergne-Rh\u00f4ne-Alpes\u00a0:<\/p>\n<ul>\n<li>C\u0153ur Presqu\u2019\u00eele (6 500 m\u00b2 &#8211; Lyon, 69)<\/li>\n<li>R\u00e9sidences l\u2019Essentiel &amp; le Confidentiel (1 300 m\u00b2 &#8211; Les Gets, 74)<\/li>\n<li>Emergence (2 216 m\u00b2 &#8211; Valence, 26)<\/li>\n<li>Ecole maternelle et \u00e9l\u00e9mentaire (959 m\u00b2 &#8211; Saint-Fiel, 23)<\/li>\n<li>Espace Pierres Folles (2 072 m\u00b2 &#8211; Saint-Jean-des-Vignes, 69)<\/li>\n<li>Wood (6 000 m\u00b2 &#8211; Grenoble, 38)<\/li>\n<\/ul>\n<p>  Is\u00e8re\u00a0:\u00a0trois\u00a0nouvelles agences\u00a0We Invest\u00a0<\/p>\n<p>Le groupe immobilier We Invest\u00a0va int\u00e9grer trois\u00a0nouvelles agences en\u00a0Is\u00e8re : Castel Immobilier \u00e0 Agnin et Vienne ainsi que Mazaline \u00e0 Bourgoin-Jallieu. Ces partenariats renforcent la couverture de We Invest dans des zones p\u00e9riurbaines et rurales jusque-l\u00e0 peu desservies, au b\u00e9n\u00e9fice de plus de 150 000 habitants.<\/p>\n<p>Ces int\u00e9grations \u00ab\u00a0s&rsquo;inscrivent dans la volont\u00e9 du groupe d&rsquo;accompagner la croissance de structures locales en mettant \u00e0 leur disposition des outils digitaux performants, tout en pr\u00e9servant leur identit\u00e9\u00a0\u00bb, pr\u00e9cise le groupe. \u00ab\u00a0Elles permettront \u00e9galement de cr\u00e9er ou maintenir plusieurs dizaines d&#8217;emplois dans la r\u00e9gion.\u00a0\u00bb<\/p>\n<p>We Invest compte\u00a080 agences (45 en Belgique et 35 en France) et ambitionne de doubler sa pr\u00e9sence en Rh\u00f4ne-Alpes d&rsquo;ici 2026.<\/p>\n","protected":false},"excerpt":{"rendered":"&#13; &#13; &#13; &#13; Photo Antoine Julien-LGP2 &#13; Is\u00e8re : un laboratoire commun d\u00e9di\u00e9 aux mat\u00e9riaux cellulosiques intelligents&hellip;\n","protected":false},"author":2,"featured_media":266981,"comment_status":"","ping_status":"","sticky":false,"template":"","format":"standard","meta":{"footnotes":""},"categories":[9566],"tags":[1111,11,2738,4646,2430,9810,2730,33,1777,674,1011,27,2731,4638,693,5015,108,3367,12,25,2429,5508,216],"class_list":{"0":"post-266980","1":"post","2":"type-post","3":"status-publish","4":"format-standard","5":"has-post-thumbnail","7":"category-grenoble","8":"tag-actu","9":"tag-actualites","10":"tag-ain","11":"tag-ardeche","12":"tag-auvergne-rhone-alpes","13":"tag-direct-entreprises","14":"tag-drome","15":"tag-economie","16":"tag-eu","17":"tag-europe","18":"tag-fr","19":"tag-france","20":"tag-grenoble","21":"tag-haute-savoie","22":"tag-industrie","23":"tag-innovation-et-start-up","24":"tag-isere","25":"tag-loire","26":"tag-news","27":"tag-republique-francaise","28":"tag-rhone","29":"tag-savoie","30":"tag-vie-des-entreprises"},"share_on_mastodon":{"url":"https:\/\/pubeurope.com\/@fr\/114900161301969910","error":""},"_links":{"self":[{"href":"https:\/\/www.europesays.com\/fr\/wp-json\/wp\/v2\/posts\/266980","targetHints":{"allow":["GET"]}}],"collection":[{"href":"https:\/\/www.europesays.com\/fr\/wp-json\/wp\/v2\/posts"}],"about":[{"href":"https:\/\/www.europesays.com\/fr\/wp-json\/wp\/v2\/types\/post"}],"author":[{"embeddable":true,"href":"https:\/\/www.europesays.com\/fr\/wp-json\/wp\/v2\/users\/2"}],"replies":[{"embeddable":true,"href":"https:\/\/www.europesays.com\/fr\/wp-json\/wp\/v2\/comments?post=266980"}],"version-history":[{"count":0,"href":"https:\/\/www.europesays.com\/fr\/wp-json\/wp\/v2\/posts\/266980\/revisions"}],"wp:featuredmedia":[{"embeddable":true,"href":"https:\/\/www.europesays.com\/fr\/wp-json\/wp\/v2\/media\/266981"}],"wp:attachment":[{"href":"https:\/\/www.europesays.com\/fr\/wp-json\/wp\/v2\/media?parent=266980"}],"wp:term":[{"taxonomy":"category","embeddable":true,"href":"https:\/\/www.europesays.com\/fr\/wp-json\/wp\/v2\/categories?post=266980"},{"taxonomy":"post_tag","embeddable":true,"href":"https:\/\/www.europesays.com\/fr\/wp-json\/wp\/v2\/tags?post=266980"}],"curies":[{"name":"wp","href":"https:\/\/api.w.org\/{rel}","templated":true}]}}