{"id":266983,"date":"2025-07-23T02:22:17","date_gmt":"2025-07-23T02:22:17","guid":{"rendered":"https:\/\/www.europesays.com\/fr\/266983\/"},"modified":"2025-07-23T02:22:17","modified_gmt":"2025-07-23T02:22:17","slug":"le-club-officialise-le-depart-de-merlin-a-rennes","status":"publish","type":"post","link":"https:\/\/www.europesays.com\/fr\/266983\/","title":{"rendered":"le club officialise le d\u00e9part de Merlin \u00e0 Rennes"},"content":{"rendered":"<p>Il ne manquait plus que lui. <a href=\"https:\/\/www.laprovence.com\/article\/om\/1511009247303315\/cest-un-choix-qui-a-ete-murement-reflechi-valentin-rongier-devoile-les-raisons-de-son-depart-de-lom\" target=\"_blank\" rel=\"noopener\">Au lendemain de la signature de Valentin Rongier au Stade rennais<\/a>, Quentin Merlin vient de s\u2019engager jusqu\u2019en juin\u00a02029 en faveur du club breton, ce mardi. Point final d\u2019un coup de billard \u00e0 deux bandes, qui pourrait rapporter \u00e0 l\u2019OM jusqu\u2019\u00e0 22,5\u00a0millions d\u2019euros si tous les bonus adoss\u00e9s \u00e0 cette op\u00e9ration sont lev\u00e9s.<\/p>\n<p>\u00ab\u00a0Au revoir et merci l\u2019OM\u00a0\u00bb<\/p>\n<p>Quelques minutes avant que l\u2019OM n\u2019officialise la nouvelle, <a href=\"https:\/\/www.laprovence.com\/article\/om\/77856102577569\/mercato-om-accord-trouve-pour-le-transfert-de-merlin-et-rongier-a-rennes\" target=\"_blank\" rel=\"noopener\">le d\u00e9sormais ex-lat\u00e9ral gauche de l\u2019Olympique<\/a>, d\u00e9barqu\u00e9 en Provence en janvier\u00a02024 contre 10M, avait sign\u00e9 un message d\u2019adieu \u00e0 destination de ses anciens supporters. \u00ab\u00a0Chers Marseillais. On a coutume de dire qu\u2019\u00e0 Marseille, tout se vit plus intens\u00e9ment. Apr\u00e8s une saison et demie au c\u0153ur de cette passion br\u00fblante, je ne peux que confirmer qu\u2019il ne s\u2019agit pas d\u2019un simple clich\u00e9. D\u2019une demi-finale europ\u00e9enne quelques mois apr\u00e8s mon arriv\u00e9e \u00e0 une qualification en Ligue des Champions un an plus tard, mon aventure phoc\u00e9enne aura \u00e9t\u00e9 aussi riche en \u00e9motions qu\u2019en enseignements\u00a0\u00bb, a-t-il insist\u00e9 sur son compte Instagram.<\/p>\n<p>Et d\u2019ajouter\u00a0: \u00ab\u00a0J\u2019y ai aussi rencontr\u00e9 des personnes formidables, toujours pr\u00eates \u00e0 partager leurs conseils, attentives \u00e0 ma progression et \u00e0 mon bien-\u00eatre. \u00c0 l\u2019heure o\u00f9 je m\u2019envole vers un nouveau d\u00e9fi, je tiens \u00e0 remercier du fond du c\u0153ur mes co\u00e9quipiers, les diff\u00e9rents staffs, ainsi que tous les salari\u00e9s du club pour ces 18 mois inoubliables. Et vous, supporters marseillais, pour votre intensit\u00e9 et votre ferveur inalt\u00e9rable. Au revoir et merci l\u2019OM\u00a0!\u00a0\u00bb<\/p>\n","protected":false},"excerpt":{"rendered":"Il ne manquait plus que lui. Au lendemain de la signature de Valentin Rongier au Stade rennais, Quentin&hellip;\n","protected":false},"author":2,"featured_media":266984,"comment_status":"","ping_status":"","sticky":false,"template":"","format":"standard","meta":{"footnotes":""},"categories":[2821],"tags":[17,1111,11,829,5244,3985,1777,674,1011,27,1434,4754,12,28960,149,584,25],"class_list":{"0":"post-266983","1":"post","2":"type-post","3":"status-publish","4":"format-standard","5":"has-post-thumbnail","7":"category-rennes","8":"tag-17","9":"tag-actu","10":"tag-actualites","11":"tag-bretagne","12":"tag-club","13":"tag-depart","14":"tag-eu","15":"tag-europe","16":"tag-fr","17":"tag-france","18":"tag-mercato","19":"tag-merlin","20":"tag-news","21":"tag-officialise","22":"tag-om","23":"tag-rennes","24":"tag-republique-francaise"},"share_on_mastodon":{"url":"https:\/\/pubeurope.com\/@fr\/114900169166612568","error":""},"_links":{"self":[{"href":"https:\/\/www.europesays.com\/fr\/wp-json\/wp\/v2\/posts\/266983","targetHints":{"allow":["GET"]}}],"collection":[{"href":"https:\/\/www.europesays.com\/fr\/wp-json\/wp\/v2\/posts"}],"about":[{"href":"https:\/\/www.europesays.com\/fr\/wp-json\/wp\/v2\/types\/post"}],"author":[{"embeddable":true,"href":"https:\/\/www.europesays.com\/fr\/wp-json\/wp\/v2\/users\/2"}],"replies":[{"embeddable":true,"href":"https:\/\/www.europesays.com\/fr\/wp-json\/wp\/v2\/comments?post=266983"}],"version-history":[{"count":0,"href":"https:\/\/www.europesays.com\/fr\/wp-json\/wp\/v2\/posts\/266983\/revisions"}],"wp:featuredmedia":[{"embeddable":true,"href":"https:\/\/www.europesays.com\/fr\/wp-json\/wp\/v2\/media\/266984"}],"wp:attachment":[{"href":"https:\/\/www.europesays.com\/fr\/wp-json\/wp\/v2\/media?parent=266983"}],"wp:term":[{"taxonomy":"category","embeddable":true,"href":"https:\/\/www.europesays.com\/fr\/wp-json\/wp\/v2\/categories?post=266983"},{"taxonomy":"post_tag","embeddable":true,"href":"https:\/\/www.europesays.com\/fr\/wp-json\/wp\/v2\/tags?post=266983"}],"curies":[{"name":"wp","href":"https:\/\/api.w.org\/{rel}","templated":true}]}}