{"id":266985,"date":"2025-07-23T02:23:19","date_gmt":"2025-07-23T02:23:19","guid":{"rendered":"https:\/\/www.europesays.com\/fr\/266985\/"},"modified":"2025-07-23T02:23:19","modified_gmt":"2025-07-23T02:23:19","slug":"samedi-un-cinema-de-strasbourg-organise-une-grande-vente-daffiches-de-films","status":"publish","type":"post","link":"https:\/\/www.europesays.com\/fr\/266985\/","title":{"rendered":"samedi, un cin\u00e9ma de Strasbourg organise une grande vente d\u2019affiches de films"},"content":{"rendered":"<p>    <img loading=\"lazy\" width=\"1800\" height=\"900\" src=\"https:\/\/www.europesays.com\/fr\/wp-content\/uploads\/2025\/04\/jeanne-callthepolice.jpg\" class=\"attachment-full size-full\" alt=\"\" id=\"imageLove\" decoding=\"async\"  \/><\/p>\n<p id=\"breadcrumbs\"><a href=\"https:\/\/pokaa.fr\/\" rel=\"nofollow noopener\" target=\"_blank\">Accueil<\/a> \/ <a href=\"https:\/\/pokaa.fr\/categories\/ses-sorties\/\" rel=\"nofollow noopener\" target=\"_blank\">Sorties<\/a> \/ D\u00e8s 3\u20ac : samedi, un cin\u00e9ma de Strasbourg organise une grande vente d\u2019affiches de films<\/p>\n<p>                    Sorties<\/p>\n<p class=\"p1\"><b>Ce samedi 26 juillet, le cin\u00e9ma Star Saint-Exup\u00e9ry organise sa traditionnelle vente d\u2019affiches des films qui ont marqu\u00e9 l\u2019ann\u00e9e. Une sacr\u00e9e aubaine pour les cin\u00e9philes strasbourgeois(es) qui pourront profiter encore quelque temps de ce cin\u00e9, avant que celui-ci ne ferme ses portes \u00e0 l\u2019automne pour travaux.\u00a0<\/b><\/p>\n<p class=\"p2\">Alors que <a href=\"https:\/\/pokaa.fr\/2025\/07\/21\/jolis-prix-et-2-brocantes-samedi-la-grande-braderie-est-de-retour-a-strasbourg\/\" target=\"_blank\" rel=\"noopener nofollow\">la Grande Braderie posera ses cartons et ses bonnes affaires le 26 juillet \u00e0 Strasbourg<\/a>, <b>le cin\u00e9ma Star Saint-Exup\u00e9ry fera sa propre braderie, en organisant sa traditionnelle vente d\u2019affiches<\/b>. Une opportunit\u00e9 \u00e0 ne pas manquer pour les cin\u00e9philes, qui permet de r\u00e9cup\u00e9rer les affiches des films qui ont marqu\u00e9 l\u2019ann\u00e9e pour red\u00e9corer ou pimper son appart.<\/p>\n<p class=\"p1\">Surtout, alors qu\u2019il va fermer ses portes en octobre prochain, c\u2019est une occasion de profiter du cin\u00e9ma avant des travaux d\u2019ampleur. <b>Nouvelle entr\u00e9e c\u00f4t\u00e9 rue de la Vignette, nouvelle fa\u00e7ade comme \u00e0 l\u2019origine, baisse de la jauge mais bien plus de confort\u2026 Dans 18 mois, le Star Saint-Ex sera compl\u00e8tement modifi\u00e9<\/b>. Donc autant en profiter.<\/p>\n<p>                <a href=\"https:\/\/pokaa.fr\/2025\/04\/28\/grand-projet-strasbourgeois-le-cinema-saint-ex-va-fermer-ses-portes-pour-18-mois\/\" rel=\"nofollow noopener\" target=\"_blank\"><br \/>\n                    <img width=\"450\" height=\"270\" src=\"https:\/\/www.europesays.com\/fr\/wp-content\/uploads\/2025\/06\/img-8515-grande-450x270.jpeg\" class=\"attachment-card-horizontal--same-subject size-card-horizontal--same-subject wp-post-image\" alt=\"\" decoding=\"async\" loading=\"lazy\"\/>                <\/a><\/p>\n<p>Petit paradis des affiches<\/p>\n<p class=\"p1\"><strong>\u00c0 partir de 8h du matin le 26 juillet, les Strasbourgeois(es) sont invit\u00e9(e)s \u00e0 camper devant le 18 rue du 22-Novembre pour d\u00e9nicher l\u2019affiche de leur r\u00eave<\/strong>. Pour donner une petite id\u00e9e de ce qu\u2019on pourra y chiner, les cin\u00e9mas Star ont d\u00e9voil\u00e9 une premi\u00e8re s\u00e9lection le 20 juillet : un choix qui va de L\u2019Amour Ouf \u00e0 Mickey 17, en passant par Leurs Enfants apr\u00e8s Eux, Aftersun, Anora ou Le Livre des solutions.<\/p>\n<p>                <img width=\"281\" height=\"500\" src=\"https:\/\/www.europesays.com\/fr\/wp-content\/uploads\/2025\/07\/518365109-1238807221589702-8094751407628209124-n-281x500.jpg\" class=\"attachment-gallery size-gallery\" alt=\"affiche film\" data-full-url=\"https:\/\/pokaa.fr\/wp-content\/uploads\/2025\/07\/18\/518365109-1238807221589702-8094751407628209124-n.jpg\" decoding=\"async\" loading=\"lazy\"  \/>            <\/p>\n<p>                <img width=\"281\" height=\"500\" src=\"https:\/\/www.europesays.com\/fr\/wp-content\/uploads\/2025\/07\/518416112-1238807198256371-7859924247079474967-n-281x500.jpg\" class=\"attachment-gallery size-gallery\" alt=\"affiche film\" data-full-url=\"https:\/\/pokaa.fr\/wp-content\/uploads\/2025\/07\/18\/518416112-1238807198256371-7859924247079474967-n.jpg\" decoding=\"async\" loading=\"lazy\"  \/>            <\/p>\n<p>                <img width=\"281\" height=\"500\" src=\"https:\/\/www.europesays.com\/fr\/wp-content\/uploads\/2025\/07\/518396125-1238807211589703-1870980968995414666-n-281x500.jpg\" class=\"attachment-gallery size-gallery\" alt=\"affiche film\" data-full-url=\"https:\/\/pokaa.fr\/wp-content\/uploads\/2025\/07\/18\/518396125-1238807211589703-1870980968995414666-n.jpg\" decoding=\"async\" loading=\"lazy\"  \/>            <\/p>\n<p>                    \u00a9 Cin\u00e9ma Star Saint-Exup\u00e9ry \/ Documents remis<\/p>\n<p>Niveau tarifs,\u00a0on reste dans le classique, avec <b>les petites affiches (format 40\u00d760 cm) qui partiront entre 3 et 10\u20ac, tandis que les plus grandes (format 120\u00d7140 cm) se vendront entre 10 et 20\u20ac<\/b>. Pour se les procurer, c\u2019est simple : il faudra \u00eatre le premier ou la premi\u00e8re sur place ! Pr\u00e9parez la thermos de caf\u00e9 pour de ne rien manquer !<\/p>\n<p>            Vente d&rsquo;affiches<\/p>\n<p>            Quoi ?<br \/>\n            Vente d\u2019affiches de cin\u00e9ma<\/p>\n<p>                Quand ?<\/p>\n<p>Samedi 26 juillet 2025, d\u00e8s 8h<\/p>\n<p>            o\u00f9 ?<\/p>\n<p>Cin\u00e9ma Star Saint-Exup\u00e9ry, 18 rue du 22-Novembre<\/p>\n<p>                Plus d&rsquo;infos ?<\/p>\n<p>Tarifs : les petites (40\u00d760), entre 3 et 10 \u20ac, les grandes (120\u00d7140), entre 10 et 20 \u20ac<\/p>\n<p><a href=\"https:\/\/www.facebook.com\/events\/1052666906972681?acontext=%7B%22event_action_history%22%3A[%7B%22mechanism%22%3A%22attachment%22%2C%22surface%22%3A%22newsfeed%22%7D]%2C%22ref_notif_type%22%3Anull%7D\" target=\"_blank\" rel=\"noopener nofollow\">\u00c9v\u00e9nement Facebook<\/a><\/p>\n","protected":false},"excerpt":{"rendered":"Accueil \/ Sorties \/ D\u00e8s 3\u20ac : samedi, un cin\u00e9ma de Strasbourg organise une grande vente d\u2019affiches de&hellip;\n","protected":false},"author":2,"featured_media":266986,"comment_status":"","ping_status":"","sticky":false,"template":"","format":"standard","meta":{"footnotes":""},"categories":[2820],"tags":[1111,11,12340,1134,650,1777,674,1011,27,775,12,25,640],"class_list":{"0":"post-266985","1":"post","2":"type-post","3":"status-publish","4":"format-standard","5":"has-post-thumbnail","7":"category-strasbourg","8":"tag-actu","9":"tag-actualites","10":"tag-affiches","11":"tag-bon-plan","12":"tag-cinema","13":"tag-eu","14":"tag-europe","15":"tag-fr","16":"tag-france","17":"tag-grand-est","18":"tag-news","19":"tag-republique-francaise","20":"tag-strasbourg"},"share_on_mastodon":{"url":"https:\/\/pubeurope.com\/@fr\/114900173143522821","error":""},"_links":{"self":[{"href":"https:\/\/www.europesays.com\/fr\/wp-json\/wp\/v2\/posts\/266985","targetHints":{"allow":["GET"]}}],"collection":[{"href":"https:\/\/www.europesays.com\/fr\/wp-json\/wp\/v2\/posts"}],"about":[{"href":"https:\/\/www.europesays.com\/fr\/wp-json\/wp\/v2\/types\/post"}],"author":[{"embeddable":true,"href":"https:\/\/www.europesays.com\/fr\/wp-json\/wp\/v2\/users\/2"}],"replies":[{"embeddable":true,"href":"https:\/\/www.europesays.com\/fr\/wp-json\/wp\/v2\/comments?post=266985"}],"version-history":[{"count":0,"href":"https:\/\/www.europesays.com\/fr\/wp-json\/wp\/v2\/posts\/266985\/revisions"}],"wp:featuredmedia":[{"embeddable":true,"href":"https:\/\/www.europesays.com\/fr\/wp-json\/wp\/v2\/media\/266986"}],"wp:attachment":[{"href":"https:\/\/www.europesays.com\/fr\/wp-json\/wp\/v2\/media?parent=266985"}],"wp:term":[{"taxonomy":"category","embeddable":true,"href":"https:\/\/www.europesays.com\/fr\/wp-json\/wp\/v2\/categories?post=266985"},{"taxonomy":"post_tag","embeddable":true,"href":"https:\/\/www.europesays.com\/fr\/wp-json\/wp\/v2\/tags?post=266985"}],"curies":[{"name":"wp","href":"https:\/\/api.w.org\/{rel}","templated":true}]}}