{"id":267007,"date":"2025-07-23T02:37:19","date_gmt":"2025-07-23T02:37:19","guid":{"rendered":"https:\/\/www.europesays.com\/fr\/267007\/"},"modified":"2025-07-23T02:37:19","modified_gmt":"2025-07-23T02:37:19","slug":"une-mobilisation-contre-les-logements-bouilloires-a-lyon","status":"publish","type":"post","link":"https:\/\/www.europesays.com\/fr\/267007\/","title":{"rendered":"Une mobilisation contre les logements bouilloires \u00e0 Lyon"},"content":{"rendered":"<p class=\"wp-block-post-excerpt__excerpt\">Trois associations engag\u00e9es pour le droit au logement appellent \u00e0 la mobilisation ce mercredi 23 juillet \u00e0 Lyon, pour d\u00e9noncer les logements transform\u00e9s en bouilloires thermiques. <\/p>\n<p class=\"font-sans\">\n\t\t\tCet article est en acc\u00e8s libre. Pour soutenir Rue89 Lyon,<br \/>\n\t\t\t<a class=\"underline\" href=\"https:\/\/www.rue89lyon.fr\/abonnement\/\" rel=\"nofollow noopener\" target=\"_blank\">abonnez-vous<\/a>.\n\t\t<\/p>\n<p>Marine Farrugia<\/p>\n<p>Publi\u00e9 le 22 juillet 2025\u00a0\u00a0\u00b7\u00a0\u00a0<\/p>\n<p>Imprim\u00e9 le 23 juillet 2025 \u00e0 04h03\u00a0\u00a0\u00b7\u00a0\u00a0<\/p>\n<p>\t\t\t\t\t2\u00a0minutes\n<\/p>\n<p>\u00ab Un logement, \u00e7a prot\u00e8ge, pas l\u2019inverse. \u00bb Voici le combat port\u00e9 par les membres de Locataires Ensemble, TeZeLoMa et la Fondation pour le logement des d\u00e9favoris\u00e9s, qui d\u00e9noncent la r\u00e9alit\u00e9 du mal-logement \u00e0 Lyon, aggrav\u00e9 par le d\u00e9r\u00e8glement climatique.<\/p>\n<p>Ces acteurs associatifs, d\u00e9j\u00e0 mobilis\u00e9s \u00e0 plusieurs reprises pour alerter les pouvoirs publics sur cette probl\u00e9matique, appellent cette fois-ci \u00e0 un rassemblement place Sathonay (Lyon 1er), mercredi 23 juillet \u00e0 17h30.<\/p>\n<p>\u00c0 cette occasion, ils remettront aux \u00e9lus locaux une p\u00e9tition ayant recueilli plus de 1 200 signatures en quelques semaines. Leur objectif : attirer l\u2019attention sur les conditions de vie des locataires durant la canicule et pr\u00e9senter un rapport d\u2019enqu\u00eate sur l\u2019\u00e9tat des logements concern\u00e9s.<\/p>\n<p>Au cours de la soir\u00e9e, un \u00e9change est \u00e9galement pr\u00e9vu  sur les futures lois contre les logements bouilloires entre les d\u00e9put\u00e9s de Lyon Ana\u00efs Belouassa-Cherifi (LFI), Boris Tavernier (EELV) et les associations organisatrices.<\/p>\n<p>\u00c0 lire sur Rue89Lyon <\/p>\n<p><a href=\"https:\/\/www.rue89lyon.fr\/2025\/06\/25\/pentes-de-la-croix-rousse-le-calvaire-des-locataires-en-temps-de-canicule\/\" rel=\"nofollow noopener\" target=\"_blank\">Canicule : le calvaire des locataires des Pentes de la Croix-Rousse<\/a><\/p>\n<p>\t\tLes logements bouilloires : un d\u00e9fi pour la Ville de Lyon<\/p>\n<p>La ville de Lyon n\u2019est pas \u00e9pargn\u00e9e par les \u00e9pisodes caniculaires. Depuis juin, on en comptabilise d\u00e9j\u00e0 deux. De quoi faire vivre un enfer aux locataires habitant dans des appartements sans volets, mal isol\u00e9s, d\u00e9pourvus de toute ventilation, et dont l\u2019architecture conserve la chaleur \u00e9touffante jusque tard dans la nuit.<\/p>\n<p>\u00c0 l\u2019avenir, Lyon pourrait \u00eatre de plus en plus expos\u00e9e aux cons\u00e9quences des d\u00e9r\u00e8glements climatiques. Depuis 2004, <a href=\"https:\/\/www.lemonde.fr\/les-decodeurs\/article\/2025\/06\/25\/combien-d-episodes-de-canicule-votre-departement-a-t-il-connus-en-vingt-ans_6186461_4355771.html\" rel=\"nofollow noopener\" target=\"_blank\">selon\u00a0Le Monde<\/a>, le Rh\u00f4ne est le d\u00e9partement qui a comptabilis\u00e9 le plus de jours de vigilance canicule avec 170 jours de vigilance orange et quatre jours de vigilance rouge.<\/p>\n<p>En plus de ces conditions climatiques, la Ville de Lyon estime que 10\u202f% des 325\u202f000 logements sont des passoires thermiques. D\u00e9sormais consid\u00e9r\u00e9s en p\u00e9riode de fortes chaleurs comme des \u00ab\u00a0logements bouilloires\u00a0\u00bb.<\/p>\n<p>Face \u00e0 l\u2019urgence de la situation, une proposition de loi transpartisane a \u00e9t\u00e9 d\u00e9pos\u00e9e par quatre d\u00e9put\u00e9s, dont l\u2019\u00e9lue de la 1\u02b3\u1d49 circonscription du Rh\u00f4ne, Ana\u00efs Belouassa-Cherifi, le lundi 30 juin. Avec une envie commune : faire voter ce projet lors des semaines transpartisanes \u00e0 l\u2019Assembl\u00e9e, \u00e0 l\u2019automne.<\/p>\n","protected":false},"excerpt":{"rendered":"Trois associations engag\u00e9es pour le droit au logement appellent \u00e0 la mobilisation ce mercredi 23 juillet \u00e0 Lyon,&hellip;\n","protected":false},"author":2,"featured_media":267008,"comment_status":"","ping_status":"","sticky":false,"template":"","format":"standard","meta":{"footnotes":""},"categories":[1889],"tags":[1111,11,2430,6698,1777,674,1011,27,1908,2428,12,25,104],"class_list":{"0":"post-267007","1":"post","2":"type-post","3":"status-publish","4":"format-standard","5":"has-post-thumbnail","7":"category-lyon","8":"tag-actu","9":"tag-actualites","10":"tag-auvergne-rhone-alpes","11":"tag-canicule","12":"tag-eu","13":"tag-europe","14":"tag-fr","15":"tag-france","16":"tag-logement","17":"tag-lyon","18":"tag-news","19":"tag-republique-francaise","20":"tag-societe"},"share_on_mastodon":{"url":"https:\/\/pubeurope.com\/@fr\/114900228815443483","error":""},"_links":{"self":[{"href":"https:\/\/www.europesays.com\/fr\/wp-json\/wp\/v2\/posts\/267007","targetHints":{"allow":["GET"]}}],"collection":[{"href":"https:\/\/www.europesays.com\/fr\/wp-json\/wp\/v2\/posts"}],"about":[{"href":"https:\/\/www.europesays.com\/fr\/wp-json\/wp\/v2\/types\/post"}],"author":[{"embeddable":true,"href":"https:\/\/www.europesays.com\/fr\/wp-json\/wp\/v2\/users\/2"}],"replies":[{"embeddable":true,"href":"https:\/\/www.europesays.com\/fr\/wp-json\/wp\/v2\/comments?post=267007"}],"version-history":[{"count":0,"href":"https:\/\/www.europesays.com\/fr\/wp-json\/wp\/v2\/posts\/267007\/revisions"}],"wp:featuredmedia":[{"embeddable":true,"href":"https:\/\/www.europesays.com\/fr\/wp-json\/wp\/v2\/media\/267008"}],"wp:attachment":[{"href":"https:\/\/www.europesays.com\/fr\/wp-json\/wp\/v2\/media?parent=267007"}],"wp:term":[{"taxonomy":"category","embeddable":true,"href":"https:\/\/www.europesays.com\/fr\/wp-json\/wp\/v2\/categories?post=267007"},{"taxonomy":"post_tag","embeddable":true,"href":"https:\/\/www.europesays.com\/fr\/wp-json\/wp\/v2\/tags?post=267007"}],"curies":[{"name":"wp","href":"https:\/\/api.w.org\/{rel}","templated":true}]}}