{"id":267025,"date":"2025-07-23T02:47:10","date_gmt":"2025-07-23T02:47:10","guid":{"rendered":"https:\/\/www.europesays.com\/fr\/267025\/"},"modified":"2025-07-23T02:47:10","modified_gmt":"2025-07-23T02:47:10","slug":"aux-etats-unis-luniversite-columbia-sanctionne-des-etudiants-ayant-participe-a-des-actions-propalestiniennes","status":"publish","type":"post","link":"https:\/\/www.europesays.com\/fr\/267025\/","title":{"rendered":"Aux Etats-Unis, l\u2019universit\u00e9 Columbia sanctionne des \u00e9tudiants ayant particip\u00e9 \u00e0 des actions propalestiniennes"},"content":{"rendered":"<p>                          <img loading=\"lazy\" decoding=\"async\" src=\"https:\/\/www.europesays.com\/fr\/wp-content\/uploads\/2025\/07\/5d5f6a3_ftp-import-images-1-xaaixrejqoil-5473199-01-06.jpg\" alt=\"Sur le campus de l\u2019universit\u00e9 Columbia, \u00e0 New York, le 14\u00a0avril 2025.\"   width=\"664\" height=\"443\"\/>    Sur le campus de l\u2019universit\u00e9 Columbia, \u00e0 New York, le 14\u00a0avril 2025.  CHARLY TRIBALLEAU \/ AFP                   <\/p>\n<p class=\"article__paragraph  \">L\u2019universit\u00e9 am\u00e9ricaine Columbia a annonc\u00e9, mardi 22\u00a0juillet, avoir impos\u00e9 des sanctions individuelles \u00e0 environ 80\u00a0\u00e9tudiants qui avaient occup\u00e9 en mai une biblioth\u00e8que du campus pour d\u00e9noncer les frappes isra\u00e9liennes \u00e0 Gaza.<\/p>\n<p class=\"article__paragraph  \">Au cours des derniers mois, des universit\u00e9s am\u00e9ricaines ont connu d\u2019importants mouvements de contestation des bombardements isra\u00e9liens \u00e0 Gaza, et se sont fait accuser par l\u2019administration Trump \u00ab\u00a0d\u2019antis\u00e9mitisme\u00a0\u00bb.<\/p>\n<p class=\"article__paragraph  \">D\u00e9but mai, environ 80\u00a0personnes avaient occup\u00e9 la biblioth\u00e8que Butler de Columbia, \u00e0 New York, une action condamn\u00e9e par la pr\u00e9sidence de l\u2019universit\u00e9 qui a imm\u00e9diatement fait appel aux forces de l\u2019ordre. Le chef de la diplomatie am\u00e9ricaine, Marco Rubio, avait qualifi\u00e9 ces manifestants de \u00ab\u00a0voyous pro-Hamas\u00a0\u00bb.<\/p>\n<p>                                Lire aussi |  Article r\u00e9serv\u00e9 \u00e0 nos abonn\u00e9s  <a href=\"https:\/\/www.lemonde.fr\/idees\/article\/2025\/04\/10\/lee-bollinger-ancien-president-de-l-universite-columbia-l-administration-trump-n-hesite-pas-a-engager-des-represailles-contre-ceux-qui-ont-des-opinions-qu-elle-reprouve_6593588_3232.html\" class=\"js-article-read-also catcher--favoris__link\" data-premium=\"1\" id=\"article-title-3416832\" rel=\"nofollow noopener\" target=\"_blank\">Lee Bollinger, ancien pr\u00e9sident de l\u2019universit\u00e9 Columbia\u00a0: \u00ab\u00a0L\u2019administration Trump n\u2019h\u00e9site pas \u00e0 engager des repr\u00e9sailles contre ceux qui ont des opinions qu\u2019elle r\u00e9prouve\u00a0\u00bb<\/a>    <\/p>\n<p>   Lire plus tard  <\/p>\n<p class=\"article__paragraph  \">Le comit\u00e9 des affaires judiciaires de Columbia a impos\u00e9 lundi des sanctions \u00e0 certains de ces \u00e9tudiants, en consid\u00e9rant leur degr\u00e9 d\u2019implication et le fait d\u2019avoir d\u00e9j\u00e0 ou non \u00e9t\u00e9 sanctionn\u00e9s, a d\u00e9clar\u00e9, mardi, l\u2019universit\u00e9 dans un communiqu\u00e9.<\/p>\n<p class=\"article__paragraph  \">Environ un an plus t\u00f4t, la police de New York avait d\u00e9log\u00e9 des manifestants propalestiniens barricad\u00e9s dans un b\u00e2timent de Columbia, \u00e9picentre d\u2019un mouvement de contestation exigeant aussi des universit\u00e9s qu\u2019elles coupent les ponts avec des entreprises li\u00e9es \u00e0 Isra\u00ebl.<\/p>\n<p class=\"article__paragraph  \">\u00ab\u00a0Toute perturbation des activit\u00e9s universitaires constitue une violation des politiques et du r\u00e8glement de l\u2019universit\u00e9 qui entra\u00eeneront n\u00e9cessairement des cons\u00e9quences\u00a0\u00bb, a fait valoir, mardi, Columbia. L\u2019universit\u00e9 n\u2019a pas d\u00e9taill\u00e9 les mesures individuelles, mais soulign\u00e9 qu\u2019elles allaient de p\u00e9riodes de \u00ab\u00a0probation\u00a0\u00bb, \u00e0 des \u00ab\u00a0suspensions allant d\u2019un an \u00e0 trois ans\u00a0\u00bb, voire \u00e0 \u00ab\u00a0des expulsions\u00a0\u00bb.<\/p>\n<p>             Le cas Mahmoud Khalil             <\/p>\n<p class=\"article__paragraph  \">Ces mesures disciplinaires surviennent alors que l\u2019administration Trump accentue ses pressions contre les universit\u00e9s, en gelant, dans le cas de Columbia, des centaines de millions de dollars en subventions de recherche f\u00e9d\u00e9rales.<\/p>\n<p> Newsletter  <\/p>\n<p> <a href=\"https:\/\/www.lemonde.fr\/newsletters\/a-la-une\/\" class=\"inread__link js-services-inread-link\" target=\"_blank\" rel=\"nofollow noopener\">  <\/p>\n<p>\u00ab A la une \u00bb<\/p>\n<p>Chaque matin, parcourez l&rsquo;essentiel de l&rsquo;actualit\u00e9 du jour avec les derniers titres du \u00ab Monde \u00bb<\/p>\n<p>S&rsquo;inscrire<\/p>\n<p> <\/a>         <\/p>\n<p class=\"article__paragraph  \">Fin mai, la pr\u00e9sidente de Columbia avait \u00e9t\u00e9 hu\u00e9e lors d\u2019une c\u00e9r\u00e9monie de remise de dipl\u00f4mes par des \u00e9tudiants qui lui reprochent d\u2019avoir c\u00e9d\u00e9 aux pressions du gouvernement et de pas avoir emp\u00each\u00e9 <a href=\"https:\/\/www.lemonde.fr\/international\/article\/2025\/07\/11\/mahmoud-khalil-leader-des-manifestations-propalestiniennes-a-l-universite-columbia-attaque-l-administration-trump-en-justice-pour-sa-detention_6620560_3210.html\" rel=\"nofollow noopener\" target=\"_blank\">l\u2019arrestation de Mahmoud Khalil.<\/a><\/p>\n<p>                                Lire aussi le r\u00e9cit |  Article r\u00e9serv\u00e9 \u00e0 nos abonn\u00e9s  <a href=\"https:\/\/www.lemonde.fr\/international\/article\/2025\/04\/12\/l-etudiant-propalestinien-mahmoud-khalil-subit-un-revers-devant-la-justice-americaine_6594507_3210.html\" class=\"js-article-read-also catcher--favoris__link\" data-premium=\"1\" id=\"article-title-3418270\" rel=\"nofollow noopener\" target=\"_blank\">A travers l\u2019affaire Mahmoud Khalil, la repression s\u2019acc\u00e9l\u00e8re aux Etats-Unis contre les \u00e9tudiants \u00e9trangers<\/a>    <\/p>\n<p>   Lire plus tard  <\/p>\n<p class=\"article__paragraph  \">Cette figure du mouvement propalestinien avait \u00e9t\u00e9 interpell\u00e9e en mars dans une r\u00e9sidence de l\u2019universit\u00e9 et plac\u00e9 dans un centre de d\u00e9tention f\u00e9d\u00e9ral en Louisiane. M.\u00a0Khalil a depuis \u00e9t\u00e9 lib\u00e9r\u00e9, mais risque toujours l\u2019expulsion.<\/p>\n<p class=\"article__paragraph  \">Le comit\u00e9 de Columbia de soutien \u00e0 la campagne de boycott d\u2019Isra\u00ebl, un regroupement propalestinien, a d\u00e9nonc\u00e9 des sanctions \u00ab\u00a0historiques\u00a0\u00bb et accus\u00e9 la pr\u00e9sidente de l\u2019universit\u00e9 de \u00ab\u00a0collaboration\u00a0\u00bb avec l\u2019administration Trump. Selon ce groupement, les \u00e9tudiants suspendus doivent pr\u00e9senter des excuses pour pouvoir r\u00e9int\u00e9grer l\u2019universit\u00e9, \u00e0 d\u00e9faut de quoi ils seront \u00ab\u00a0de facto\u00a0\u00bb expuls\u00e9s.<\/p>\n<p class=\"author__detail\">  Le Monde avec AFP  <\/p>\n<p>                  <a href=\"https:\/\/www.lemonde.fr\/syndication\/\" class=\"reuse__content\" title=\"R\u00e9utiliser ce contenu\" target=\"_blank\" rel=\"nofollow noopener\">R\u00e9utiliser ce contenu<\/a>      <\/p>\n","protected":false},"excerpt":{"rendered":"Sur le campus de l\u2019universit\u00e9 Columbia, \u00e0 New York, le 14\u00a0avril 2025. CHARLY TRIBALLEAU \/ AFP L\u2019universit\u00e9 am\u00e9ricaine&hellip;\n","protected":false},"author":2,"featured_media":267026,"comment_status":"","ping_status":"","sticky":false,"template":"","format":"standard","meta":{"footnotes":""},"categories":[1589],"tags":[11,73,1866,12,1864,1865,1863,308],"class_list":{"0":"post-267025","1":"post","2":"type-post","3":"status-publish","4":"format-standard","5":"has-post-thumbnail","7":"category-etats-unis","8":"tag-actualites","9":"tag-etats-unis","10":"tag-etats-unis-damerique","11":"tag-news","12":"tag-united-states","13":"tag-united-states-of-america","14":"tag-us","15":"tag-usa"},"share_on_mastodon":{"url":"https:\/\/pubeurope.com\/@fr\/114900267380093572","error":""},"_links":{"self":[{"href":"https:\/\/www.europesays.com\/fr\/wp-json\/wp\/v2\/posts\/267025","targetHints":{"allow":["GET"]}}],"collection":[{"href":"https:\/\/www.europesays.com\/fr\/wp-json\/wp\/v2\/posts"}],"about":[{"href":"https:\/\/www.europesays.com\/fr\/wp-json\/wp\/v2\/types\/post"}],"author":[{"embeddable":true,"href":"https:\/\/www.europesays.com\/fr\/wp-json\/wp\/v2\/users\/2"}],"replies":[{"embeddable":true,"href":"https:\/\/www.europesays.com\/fr\/wp-json\/wp\/v2\/comments?post=267025"}],"version-history":[{"count":0,"href":"https:\/\/www.europesays.com\/fr\/wp-json\/wp\/v2\/posts\/267025\/revisions"}],"wp:featuredmedia":[{"embeddable":true,"href":"https:\/\/www.europesays.com\/fr\/wp-json\/wp\/v2\/media\/267026"}],"wp:attachment":[{"href":"https:\/\/www.europesays.com\/fr\/wp-json\/wp\/v2\/media?parent=267025"}],"wp:term":[{"taxonomy":"category","embeddable":true,"href":"https:\/\/www.europesays.com\/fr\/wp-json\/wp\/v2\/categories?post=267025"},{"taxonomy":"post_tag","embeddable":true,"href":"https:\/\/www.europesays.com\/fr\/wp-json\/wp\/v2\/tags?post=267025"}],"curies":[{"name":"wp","href":"https:\/\/api.w.org\/{rel}","templated":true}]}}