{"id":267029,"date":"2025-07-23T02:49:19","date_gmt":"2025-07-23T02:49:19","guid":{"rendered":"https:\/\/www.europesays.com\/fr\/267029\/"},"modified":"2025-07-23T02:49:19","modified_gmt":"2025-07-23T02:49:19","slug":"tome-lallemagne-reste-lallemagne-video","status":"publish","type":"post","link":"https:\/\/www.europesays.com\/fr\/267029\/","title":{"rendered":"Tom\u00e9 : \u00ab\u00a0L&rsquo;Allemagne reste l&rsquo;Allemagne&#8230;\u00a0\u00bb vid\u00e9o"},"content":{"rendered":"<p>\n                                            Montse Tom\u00e9 sait que l&rsquo;Espagne est face \u00e0 un pi\u00e8ge en demi-finale de l&rsquo;Euro. D&rsquo;un c\u00f4t\u00e9, la Rojita est la grandissime favorite de la comp\u00e9tition, et on voit mal quelle \u00e9quipe pourrait l&#8217;emp\u00eacher de soulever le troph\u00e9e. De l&rsquo;autre, l&rsquo;Allemagne, son futur adversaire, est invaincue contre l&rsquo;Espagne de Tom\u00e9 depuis la prise de pouvoir de la s\u00e9lectionneure, il y a sept ans.\n                                    <\/p>\n<p>Vid\u00e9o suivante dans 5 secondes<\/p>\n","protected":false},"excerpt":{"rendered":"Montse Tom\u00e9 sait que l&rsquo;Espagne est face \u00e0 un pi\u00e8ge en demi-finale de l&rsquo;Euro. D&rsquo;un c\u00f4t\u00e9, la Rojita&hellip;\n","protected":false},"author":2,"featured_media":267030,"comment_status":"","ping_status":"","sticky":false,"template":"","format":"standard","meta":{"footnotes":""},"categories":[1587],"tags":[11,672,1804,1805,1803,1777,674,63,23456,1801,40656,40655,12,40658,1164,36065,1802,40657,40654],"class_list":{"0":"post-267029","1":"post","2":"type-post","3":"status-publish","4":"format-standard","5":"has-post-thumbnail","7":"category-allemagne","8":"tag-actualites","9":"tag-allemagne","10":"tag-bundesrepublik-deutschland","11":"tag-de","12":"tag-deutschland","13":"tag-eu","14":"tag-europe","15":"tag-football","16":"tag-french","17":"tag-germany","18":"tag-germany-women","19":"tag-montse-tom","20":"tag-news","21":"tag-news-football","22":"tag-press-conference","23":"tag-preview","24":"tag-republique-federale-dallemagne","25":"tag-spain-women","26":"tag-uefa-womens-euros"},"share_on_mastodon":{"url":"https:\/\/pubeurope.com\/@fr\/114900275263075013","error":""},"_links":{"self":[{"href":"https:\/\/www.europesays.com\/fr\/wp-json\/wp\/v2\/posts\/267029","targetHints":{"allow":["GET"]}}],"collection":[{"href":"https:\/\/www.europesays.com\/fr\/wp-json\/wp\/v2\/posts"}],"about":[{"href":"https:\/\/www.europesays.com\/fr\/wp-json\/wp\/v2\/types\/post"}],"author":[{"embeddable":true,"href":"https:\/\/www.europesays.com\/fr\/wp-json\/wp\/v2\/users\/2"}],"replies":[{"embeddable":true,"href":"https:\/\/www.europesays.com\/fr\/wp-json\/wp\/v2\/comments?post=267029"}],"version-history":[{"count":0,"href":"https:\/\/www.europesays.com\/fr\/wp-json\/wp\/v2\/posts\/267029\/revisions"}],"wp:featuredmedia":[{"embeddable":true,"href":"https:\/\/www.europesays.com\/fr\/wp-json\/wp\/v2\/media\/267030"}],"wp:attachment":[{"href":"https:\/\/www.europesays.com\/fr\/wp-json\/wp\/v2\/media?parent=267029"}],"wp:term":[{"taxonomy":"category","embeddable":true,"href":"https:\/\/www.europesays.com\/fr\/wp-json\/wp\/v2\/categories?post=267029"},{"taxonomy":"post_tag","embeddable":true,"href":"https:\/\/www.europesays.com\/fr\/wp-json\/wp\/v2\/tags?post=267029"}],"curies":[{"name":"wp","href":"https:\/\/api.w.org\/{rel}","templated":true}]}}