{"id":267031,"date":"2025-07-23T02:50:15","date_gmt":"2025-07-23T02:50:15","guid":{"rendered":"https:\/\/www.europesays.com\/fr\/267031\/"},"modified":"2025-07-23T02:50:15","modified_gmt":"2025-07-23T02:50:15","slug":"dassault-aviation-espere-que-leurope-va-se-battre","status":"publish","type":"post","link":"https:\/\/www.europesays.com\/fr\/267031\/","title":{"rendered":"Dassault Aviation esp\u00e8re que l\u2019Europe va se battre"},"content":{"rendered":"<p>L\u2019application de droits de douane de 30% sur l\u2019a\u00e9ronautique d\u00e9graderait fortement l\u2019\u00e9cart de comp\u00e9titivit\u00e9 avec les concurrents am\u00e9ricains du constructeur des avions d\u2019affaires Falcon.<\/p>\n<p class=\"fig-paragraph\">C\u2019est dans un environnement marqu\u00e9 par une forte incertitude, et cela sur tous les fronts, que Dassault Aviation* a pr\u00e9sent\u00e9, ce mardi, ses r\u00e9sultats semestriels 2025. \u00abNous \u00e9voluons dans un contexte g\u00e9opolitique marqu\u00e9 par la poursuite de la guerre en Ukraine et de l\u2019aggravation des tensions au Moyen-Orient\u00bb, a rappel\u00e9 \u00c9ric Trappier, PDG du groupe fran\u00e7ais, en pr\u00e9ambule. \u00abEn France, le budget des arm\u00e9es devrait augmenter, ce qui a \u00e9t\u00e9 confirm\u00e9 par le pr\u00e9sident de la R\u00e9publique et le premier ministre&#8230; sous r\u00e9serve d\u2019avoir un budget vot\u00e9 par l\u2019Assembl\u00e9e nationale. Et face aux droits de douane de Donald Trump, nous sommes en attente du r\u00e9sultat final des n\u00e9gociations entre l\u2019Europe et les \u00c9tats-Unis. Toute taxation en plus sur les avions fran\u00e7ais aggraverait les probl\u00e8mes de comp\u00e9titivit\u00e9 qui sont d\u00e9j\u00e0 en faveur des avions am\u00e9ricains.\u00bb<\/p>\n<p class=\"fig-paragraph\">Difficile, dans ce cadre, de se projeter alors que Washington menace d\u2019appliquer des taxes de 30% sur tous les produits europ\u00e9ens export\u00e9s aux \u00c9tats-Unis\u2026<\/p>\n<p class=\"fig-premium-paywall__infos\">\n        Cet article est r\u00e9serv\u00e9 aux abonn\u00e9s.        Il vous reste 83% \u00e0 d\u00e9couvrir.\n    <\/p>\n<p>                <img  data- alt=\"Le Figaro\" class=\"fig-img--complete fig-img\"\/><\/p>\n<p class=\"fig-premium-paywall__title\">Vous avez envie de lire la suite ?<\/p>\n<p class=\"fig-premium-paywall__subtitle\">D\u00e9bloquez tous les articles imm\u00e9diatement.<\/p>\n<p class=\"fig-premium-paywall__connect\">\n                D\u00e9j\u00e0 abonn\u00e9\u00a0?                <a class=\"fig-premium-paywall__connect-link\" href=\"https:\/\/connect.lefigaro.fr\/login?client=horizon_web&amp;type=main&amp;redirect_uri=https%3A%2F%2Fwww.lefigaro.fr%2Feconomie%2Fguerre-commerciale-dassault-aviation-espere-que-l-europe-va-se-battre-20250722\" data-js-gtm=\"{&quot;customCategorie&quot;: &quot;conversion&quot;, &quot;customAction&quot;: &quot;before_Landing_Connexion_paywall_auto&quot;, &quot;customLabel&quot;: &quot;bGVmaWdhcm8uZnJfXzFmMDY3MDI5LTFlZDUtNjI2ZS05NGEwLTZmMGQ3ODFjYzgxMl9fQXJ0aWNsZQ==_Guerre commerciale: Dassault Aviation esp\u00e8re que l\u2019Europe va se battre_153&quot;, &quot;customIDSPE&quot;: &quot;bGVmaWdhcm8uZnJfXzFmMDY3MDI5LTFlZDUtNjI2ZS05NGEwLTZmMGQ3ODFjYzgxMl9fQXJ0aWNsZQ==&quot;, &quot;event&quot;: &quot;customEventSPE&quot;}\" target=\"_blank\" rel=\"noopener\"><br \/>\n                    Connectez-vous<br \/>\n                <\/a>\n            <\/p>\n","protected":false},"excerpt":{"rendered":"L\u2019application de droits de douane de 30% sur l\u2019a\u00e9ronautique d\u00e9graderait fortement l\u2019\u00e9cart de comp\u00e9titivit\u00e9 avec les concurrents am\u00e9ricains&hellip;\n","protected":false},"author":2,"featured_media":267032,"comment_status":"","ping_status":"","sticky":false,"template":"","format":"standard","meta":{"footnotes":""},"categories":[1586],"tags":[11,296,20286,554,33028,1777,674,1011,27,12,25],"class_list":{"0":"post-267031","1":"post","2":"type-post","3":"status-publish","4":"format-standard","5":"has-post-thumbnail","7":"category-europe","8":"tag-actualites","9":"tag-aeronautique","10":"tag-dassault-aviation","11":"tag-defense","12":"tag-eric-trappier","13":"tag-eu","14":"tag-europe","15":"tag-fr","16":"tag-france","17":"tag-news","18":"tag-republique-francaise"},"share_on_mastodon":{"url":"https:\/\/pubeurope.com\/@fr\/114900279206447708","error":""},"_links":{"self":[{"href":"https:\/\/www.europesays.com\/fr\/wp-json\/wp\/v2\/posts\/267031","targetHints":{"allow":["GET"]}}],"collection":[{"href":"https:\/\/www.europesays.com\/fr\/wp-json\/wp\/v2\/posts"}],"about":[{"href":"https:\/\/www.europesays.com\/fr\/wp-json\/wp\/v2\/types\/post"}],"author":[{"embeddable":true,"href":"https:\/\/www.europesays.com\/fr\/wp-json\/wp\/v2\/users\/2"}],"replies":[{"embeddable":true,"href":"https:\/\/www.europesays.com\/fr\/wp-json\/wp\/v2\/comments?post=267031"}],"version-history":[{"count":0,"href":"https:\/\/www.europesays.com\/fr\/wp-json\/wp\/v2\/posts\/267031\/revisions"}],"wp:featuredmedia":[{"embeddable":true,"href":"https:\/\/www.europesays.com\/fr\/wp-json\/wp\/v2\/media\/267032"}],"wp:attachment":[{"href":"https:\/\/www.europesays.com\/fr\/wp-json\/wp\/v2\/media?parent=267031"}],"wp:term":[{"taxonomy":"category","embeddable":true,"href":"https:\/\/www.europesays.com\/fr\/wp-json\/wp\/v2\/categories?post=267031"},{"taxonomy":"post_tag","embeddable":true,"href":"https:\/\/www.europesays.com\/fr\/wp-json\/wp\/v2\/tags?post=267031"}],"curies":[{"name":"wp","href":"https:\/\/api.w.org\/{rel}","templated":true}]}}